{"id":471973,"date":"2017-04-04T12:34:16","date_gmt":"2017-04-04T17:34:16","guid":{"rendered":"https:\/\/www.futboltotal.com.mx\/?p=471973"},"modified":"2017-04-04T12:40:52","modified_gmt":"2017-04-04T17:40:52","slug":"miguel-calero-legendario-condor-cuida-pachuca","status":"publish","type":"post","link":"http:\/\/desarrollo.grupomedios.com\/futbol\/futbol-mexicano\/miguel-calero-legendario-condor-cuida-pachuca\/2017\/04","title":{"rendered":"Miguel Calero, el legendario C\u00f3ndor que cuida del Pachuca"},"content":{"rendered":"<div>Sin duda un jugador m\u00edtico en la porter\u00eda, el colombiano <strong>Miguel Calero<\/strong> se convirti\u00f3 en una leyenda en <strong>Pachuca<\/strong> donde destacaba por su gorra y por sus goles.<\/div>\n<div><\/div>\n<div>Desde el 2012, cuando perdi\u00f3 la vida como consecuencia de una trombosis cerebral, se recuerda con cari\u00f1o y admiraci\u00f3n al imponente guardameta, quien con el cuadro de la Bella Airosa levant\u00f3 4 t\u00edtulos de Liga MX, 4 Copas de Campeones de la Concacaf, 1 SuperLiga y la tan recordada Copa Sudamericana del 2006.<\/div>\n<div><\/div>\n<div style=\"text-align: center;\"><a href=\"https:\/\/www.futboltotal.com.mx\/2017\/04\/pachuca-encontro-equipo-ideal-traspasar-al-chucky\/\">VER M\u00c1S: Pachuca encontr\u00f3 el equipo ideal para vender al <em>Chucky<\/em> Lozano<\/a><\/div>\n<div><\/div>\n<div>Previo al duelo\u00a0del Pachuca en la Semifinal de la CONCACAF Liga Campeones\u00a0contra el FC Dallas; seguramente el <em>C\u00f3ndor<\/em> de Pachuca estar\u00e1 apoyando a sus Tuzos desde las alturas.<\/div>\n<div>\n<p class=\"p1\"><span class=\"s1\">[video_player]https:\/\/player.vimeo.com\/external\/211526130.hd.mp4?s=509bed1c6614789f8853d851635017e987a537f7&amp;profile_id=119|wide\u00a0[\/video_player]<\/span><\/p>\n<p class=\"p1\" style=\"text-align: center;\"><a class=\"ProfileHeaderCard-screennameLink u-linkComplex js-nav\" href=\"https:\/\/twitter.com\/KICK\">@<span class=\"u-linkComplex-target\">KICK<\/span><\/a>\u00a0|\u00a0<a class=\"ProfileHeaderCard-screennameLink u-linkComplex js-nav\" href=\"https:\/\/twitter.com\/ApuntesdeRabona\">@<span class=\"u-linkComplex-target\">ApuntesdeRabona<\/span><\/a><\/p>\n<\/div>\n<div>\n<p class=\"p1\"><span class=\"s1\"><b>S\u00edguenos en Twitter<\/b>:\u00a0<a href=\"https:\/\/twitter.com\/MXFutbolTotal\"><span class=\"s2\">@MXFutbolTotal<\/span><\/a><\/span><\/p>\n<\/div>\n","protected":false},"excerpt":{"rendered":"<p>Seguramente el C\u00f3ndor de Pachuca sigue apoyando a sus Tuzos desde las alturas.<\/p>\n","protected":false},"author":20,"featured_media":471975,"comment_status":"closed","ping_status":"closed","sticky":false,"template":"","format":"standard","meta":[],"categories":[5398,7570,3839,2198,3845],"tags":[1844,282,3182,64,1817,5968,73],"_links":{"self":[{"href":"http:\/\/desarrollo.grupomedios.com\/futbol\/wp-json\/wp\/v2\/posts\/471973"}],"collection":[{"href":"http:\/\/desarrollo.grupomedios.com\/futbol\/wp-json\/wp\/v2\/posts"}],"about":[{"href":"http:\/\/desarrollo.grupomedios.com\/futbol\/wp-json\/wp\/v2\/types\/post"}],"author":[{"embeddable":true,"href":"http:\/\/desarrollo.grupomedios.com\/futbol\/wp-json\/wp\/v2\/users\/20"}],"replies":[{"embeddable":true,"href":"http:\/\/desarrollo.grupomedios.com\/futbol\/wp-json\/wp\/v2\/comments?post=471973"}],"version-history":[{"count":4,"href":"http:\/\/desarrollo.grupomedios.com\/futbol\/wp-json\/wp\/v2\/posts\/471973\/revisions"}],"predecessor-version":[{"id":471979,"href":"http:\/\/desarrollo.grupomedios.com\/futbol\/wp-json\/wp\/v2\/posts\/471973\/revisions\/471979"}],"wp:featuredmedia":[{"embeddable":true,"href":"http:\/\/desarrollo.grupomedios.com\/futbol\/wp-json\/wp\/v2\/media\/471975"}],"wp:attachment":[{"href":"http:\/\/desarrollo.grupomedios.com\/futbol\/wp-json\/wp\/v2\/media?parent=471973"}],"wp:term":[{"taxonomy":"category","embeddable":true,"href":"http:\/\/desarrollo.grupomedios.com\/futbol\/wp-json\/wp\/v2\/categories?post=471973"},{"taxonomy":"post_tag","embeddable":true,"href":"http:\/\/desarrollo.grupomedios.com\/futbol\/wp-json\/wp\/v2\/tags?post=471973"}],"curies":[{"name":"wp","href":"https:\/\/api.w.org\/{rel}","templated":true}]}}