{"id":471993,"date":"2017-04-04T14:18:08","date_gmt":"2017-04-04T19:18:08","guid":{"rendered":"https:\/\/www.futboltotal.com.mx\/?p=471993"},"modified":"2017-04-04T14:18:08","modified_gmt":"2017-04-04T19:18:08","slug":"vardy-estuvo-apunto-dejar-futbol-trabajar-en-discotecas","status":"publish","type":"post","link":"http:\/\/desarrollo.grupomedios.com\/futbol\/futbol-internacional\/vardy-estuvo-apunto-dejar-futbol-trabajar-en-discotecas\/2017\/04","title":{"rendered":"Vardy estuvo apunto de dejar el futbol para trabajar en discotecas"},"content":{"rendered":"<p>El delantero del Leicester City e internacional ingl\u00e9s <strong>Jamie Vardy<\/strong> se plante\u00f3 dejar el f\u00fatbol profesional para trabajar como representante en discotecas en la isla espa\u00f1ola de Ibiza, seg\u00fan revel\u00f3 su entrenador, Craig Shakespeare.<\/p>\n<p>En verano de 2013, Shakespeare, entonces ayudante de Nigel Pearson en el conjunto ingl\u00e9s, tuvo que convencer a<strong> Vardy,<\/strong> ahora internacional absoluto con Inglaterra y campe\u00f3n de la Premier League, de que no colgara las botas.<\/p>\n<p>En su primera temporada en el Leicester, que militaba en la Championship, categor\u00eda de plata del balompi\u00e9 ingl\u00e9s, <strong>Vardy<\/strong> s\u00f3lo anot\u00f3 cinco goles tras su traspaso procedente del modesto Fleetwood Town.<\/p>\n<p style=\"text-align: center;\"><a href=\"https:\/\/www.futboltotal.com.mx\/2017\/04\/pumas-alista-los-reemplazos-pikolin-veron\/\" target=\"_blank\">LEER M\u00c1S: Pumas alista los reemplazos de Pikol\u00edn y Ver\u00f3n<\/a><\/p>\n<blockquote><p>&#8220;Nuestro trabajo es apoyar a los jugadores. A veces tienen dudas, y Jamie es el primero en aceptar que en ese momento estaba en un momento malo&#8221;, record\u00f3 Shakespeare, que junto a Pearson y a Steve Walsh, jefe de ojeadores de la entidad, le convencieron para seguir en el f\u00fatbol.<\/p>\n<p>&#8220;Yo, Nigel y Steve estuvimos ah\u00ed para apoyarlo. Todo lo que hicimos fue hablarle de todas las cualidades que ten\u00eda y que pens\u00e1bamos que pod\u00eda continuar (en el f\u00fatbol). No s\u00f3lo le dijimos que ten\u00eda potencial para jugar en la Premier League, sino para ser internacional absoluto&#8221;, recalc\u00f3.<\/p>\n<p>&#8220;Le dijimos que confi\u00e1bamos en \u00e9l y que cont\u00e1bamos con \u00e9l en el presente y en el futuro. Al final, para suerte de todos, no acab\u00f3 y\u00e9ndose a Ibiza. Y creo que tom\u00f3 la decisi\u00f3n correcta&#8221;, brome\u00f3 Shakespeare.<\/p><\/blockquote>\n<p><strong>Vardy<\/strong>, de 30 a\u00f1os, internacional con los &#8216;Tres Leones&#8217; en 16 ocasiones, conquist\u00f3 la pasada temporada la Premier League con el Leicester y liderar\u00e1 el ataque de los &#8216;Foxes&#8217; en la eliminatoria de cuartos de final de la Liga de Campeones frente al Atl\u00e9tico de Madrid.<\/p>\n<p>S\u00edguenos en Twitter:<a href=\"http:\/\/www.twitter.com\/MXFutbolTotal\" target=\"_blank\"> @MXFutbolTotal<\/a><\/p>\n","protected":false},"excerpt":{"rendered":"<p>El delantero de los Foxes consider\u00f3 el dejar las canchas. <\/p>\n","protected":false},"author":20,"featured_media":471994,"comment_status":"closed","ping_status":"closed","sticky":false,"template":"","format":"standard","meta":[],"categories":[5419,3839,3846],"tags":[6519,775],"_links":{"self":[{"href":"http:\/\/desarrollo.grupomedios.com\/futbol\/wp-json\/wp\/v2\/posts\/471993"}],"collection":[{"href":"http:\/\/desarrollo.grupomedios.com\/futbol\/wp-json\/wp\/v2\/posts"}],"about":[{"href":"http:\/\/desarrollo.grupomedios.com\/futbol\/wp-json\/wp\/v2\/types\/post"}],"author":[{"embeddable":true,"href":"http:\/\/desarrollo.grupomedios.com\/futbol\/wp-json\/wp\/v2\/users\/20"}],"replies":[{"embeddable":true,"href":"http:\/\/desarrollo.grupomedios.com\/futbol\/wp-json\/wp\/v2\/comments?post=471993"}],"version-history":[{"count":1,"href":"http:\/\/desarrollo.grupomedios.com\/futbol\/wp-json\/wp\/v2\/posts\/471993\/revisions"}],"predecessor-version":[{"id":471995,"href":"http:\/\/desarrollo.grupomedios.com\/futbol\/wp-json\/wp\/v2\/posts\/471993\/revisions\/471995"}],"wp:featuredmedia":[{"embeddable":true,"href":"http:\/\/desarrollo.grupomedios.com\/futbol\/wp-json\/wp\/v2\/media\/471994"}],"wp:attachment":[{"href":"http:\/\/desarrollo.grupomedios.com\/futbol\/wp-json\/wp\/v2\/media?parent=471993"}],"wp:term":[{"taxonomy":"category","embeddable":true,"href":"http:\/\/desarrollo.grupomedios.com\/futbol\/wp-json\/wp\/v2\/categories?post=471993"},{"taxonomy":"post_tag","embeddable":true,"href":"http:\/\/desarrollo.grupomedios.com\/futbol\/wp-json\/wp\/v2\/tags?post=471993"}],"curies":[{"name":"wp","href":"https:\/\/api.w.org\/{rel}","templated":true}]}}