{"id":471997,"date":"2017-04-04T14:36:15","date_gmt":"2017-04-04T19:36:15","guid":{"rendered":"https:\/\/www.futboltotal.com.mx\/?p=471997"},"modified":"2017-04-04T15:18:28","modified_gmt":"2017-04-04T20:18:28","slug":"pablo-aguilar-aparece-en-la-foto-oficial-del-club-america","status":"publish","type":"post","link":"http:\/\/desarrollo.grupomedios.com\/futbol\/futbol-mexicano\/pablo-aguilar-aparece-en-la-foto-oficial-del-club-america\/2017\/04","title":{"rendered":"Pablo Aguilar aparece en la foto oficial del Club Am\u00e9rica"},"content":{"rendered":"<p>El <strong>Club Am\u00e9rica<\/strong> se tom\u00f3 este martes la foto oficial de del Clausura 2017en las instalaciones de Coapa, en donde han construido un peque\u00f1o estadio para las categor\u00edas inferiores y el entrenamiento del equipo femenil.<\/p>\n<p><em>Las \u00c1guilas<\/em> posaron con la tercera indumentaria para aparecer junto al cuerpo t\u00e9cnico y los futbolistas lesionados, nuevos integrantes y <strong>Pablo Aguilar<\/strong>, qui\u00e9n est\u00e1 suspendido un a\u00f1o.<\/p>\n<p style=\"text-align: center;\"><a href=\"https:\/\/www.futboltotal.com.mx\/2017\/04\/queretaro-trollea-a-medio-paso-a-pachuca\/\" target=\"_blank\">LEER M\u00c1S: Quer\u00e9taro trollea a medio y de paso a Pachuca<\/a><\/p>\n<p><strong>Diego Lainez<\/strong>, pudo formar parte de la postal oficial del Am\u00e9rica, adem\u00e1s de que <strong>Renato Ibarra y Cecilio Dom\u00ednguez<\/strong> tambi\u00e9n posaron con el club.<\/p>\n","protected":false},"excerpt":{"rendered":"<p>Los lesionados tambi\u00e9n formaron parte de la postal. <\/p>\n","protected":false},"author":20,"featured_media":472002,"comment_status":"closed","ping_status":"closed","sticky":false,"template":"","format":"standard","meta":[],"categories":[2198,3845],"tags":[5959,1774,994],"_links":{"self":[{"href":"http:\/\/desarrollo.grupomedios.com\/futbol\/wp-json\/wp\/v2\/posts\/471997"}],"collection":[{"href":"http:\/\/desarrollo.grupomedios.com\/futbol\/wp-json\/wp\/v2\/posts"}],"about":[{"href":"http:\/\/desarrollo.grupomedios.com\/futbol\/wp-json\/wp\/v2\/types\/post"}],"author":[{"embeddable":true,"href":"http:\/\/desarrollo.grupomedios.com\/futbol\/wp-json\/wp\/v2\/users\/20"}],"replies":[{"embeddable":true,"href":"http:\/\/desarrollo.grupomedios.com\/futbol\/wp-json\/wp\/v2\/comments?post=471997"}],"version-history":[{"count":1,"href":"http:\/\/desarrollo.grupomedios.com\/futbol\/wp-json\/wp\/v2\/posts\/471997\/revisions"}],"predecessor-version":[{"id":472003,"href":"http:\/\/desarrollo.grupomedios.com\/futbol\/wp-json\/wp\/v2\/posts\/471997\/revisions\/472003"}],"wp:featuredmedia":[{"embeddable":true,"href":"http:\/\/desarrollo.grupomedios.com\/futbol\/wp-json\/wp\/v2\/media\/472002"}],"wp:attachment":[{"href":"http:\/\/desarrollo.grupomedios.com\/futbol\/wp-json\/wp\/v2\/media?parent=471997"}],"wp:term":[{"taxonomy":"category","embeddable":true,"href":"http:\/\/desarrollo.grupomedios.com\/futbol\/wp-json\/wp\/v2\/categories?post=471997"},{"taxonomy":"post_tag","embeddable":true,"href":"http:\/\/desarrollo.grupomedios.com\/futbol\/wp-json\/wp\/v2\/tags?post=471997"}],"curies":[{"name":"wp","href":"https:\/\/api.w.org\/{rel}","templated":true}]}}