{"id":472004,"date":"2017-04-04T15:19:15","date_gmt":"2017-04-04T20:19:15","guid":{"rendered":"https:\/\/www.futboltotal.com.mx\/?p=472004"},"modified":"2017-04-04T15:19:15","modified_gmt":"2017-04-04T20:19:15","slug":"necaxa-se-queda-sin-director-general","status":"publish","type":"post","link":"http:\/\/desarrollo.grupomedios.com\/futbol\/futbol-mexicano\/necaxa-se-queda-sin-director-general\/2017\/04","title":{"rendered":"Necaxa se queda sin director general"},"content":{"rendered":"<p>La mala racha de <strong>Necaxa<\/strong> parece contagiarse en el interior del club y es que se acaba de anunciar que <strong>Luis Torres Septi\u00e9n<\/strong> ha dejado de ser director general del club para unirse a un nuevo proyecto personal, el cu\u00e1l apunta a unirse al nuevo equipo de San Luis.<\/p>\n<p>El ex directivo del club hab\u00eda estado con <strong>Necaxa<\/strong> desde que regres\u00f3 a primera divisi\u00f3n, pero ahora decidi\u00f3 dar un paso al costado para ocuparse de otros asuntos, mientras tanto el club ya le encontr\u00f3 un nuevo remplazo.<\/p>\n<p style=\"text-align: center;\"><a href=\"https:\/\/www.futboltotal.com.mx\/2017\/04\/pachuca-encontro-equipo-ideal-traspasar-al-chucky\/\" target=\"_blank\">LEER M\u00c1S: Pachuca encontr\u00f3 el equipo ideal para traspasar al Chucky<\/a><\/p>\n<p><strong>Santiago Tinajero Quinana<\/strong>, ser\u00e1 el encargado de llevar el cargo de director general y es que es una de las personas m\u00e1s cercanas al due\u00f1o del equipo,\u00a0Ernesto Tinajero Flores.<\/p>\n<p>&nbsp;<\/p>\n<blockquote class=\"twitter-tweet\" data-lang=\"es\">\n<p dir=\"ltr\" lang=\"es\">.<a href=\"https:\/\/twitter.com\/ClubNecaxa\">@ClubNecaxa<\/a> informa: Necaxa tiene nuevo Director General <a href=\"https:\/\/twitter.com\/hashtag\/UnidosNadaNosDetiene?src=hash\">#UnidosNadaNosDetiene<\/a> <a href=\"https:\/\/twitter.com\/hashtag\/FuerzaRayos?src=hash\">#FuerzaRayos<\/a> <a href=\"https:\/\/t.co\/SWO32PqPHn\">pic.twitter.com\/SWO32PqPHn<\/a><\/p>\n<p>\u2014 Club Necaxa \u26a1 (@ClubNecaxa) <a href=\"https:\/\/twitter.com\/ClubNecaxa\/status\/849311707214352385\">4 de abril de 2017<\/a><\/p><\/blockquote>\n<p><script async src=\"\/\/platform.twitter.com\/widgets.js\" charset=\"utf-8\"><\/script><\/p>\n","protected":false},"excerpt":{"rendered":"<p>El club comienza con algunos cambios internos.<\/p>\n","protected":false},"author":20,"featured_media":472011,"comment_status":"closed","ping_status":"closed","sticky":false,"template":"","format":"standard","meta":[],"categories":[2198,3845],"tags":[261],"_links":{"self":[{"href":"http:\/\/desarrollo.grupomedios.com\/futbol\/wp-json\/wp\/v2\/posts\/472004"}],"collection":[{"href":"http:\/\/desarrollo.grupomedios.com\/futbol\/wp-json\/wp\/v2\/posts"}],"about":[{"href":"http:\/\/desarrollo.grupomedios.com\/futbol\/wp-json\/wp\/v2\/types\/post"}],"author":[{"embeddable":true,"href":"http:\/\/desarrollo.grupomedios.com\/futbol\/wp-json\/wp\/v2\/users\/20"}],"replies":[{"embeddable":true,"href":"http:\/\/desarrollo.grupomedios.com\/futbol\/wp-json\/wp\/v2\/comments?post=472004"}],"version-history":[{"count":1,"href":"http:\/\/desarrollo.grupomedios.com\/futbol\/wp-json\/wp\/v2\/posts\/472004\/revisions"}],"predecessor-version":[{"id":472012,"href":"http:\/\/desarrollo.grupomedios.com\/futbol\/wp-json\/wp\/v2\/posts\/472004\/revisions\/472012"}],"wp:featuredmedia":[{"embeddable":true,"href":"http:\/\/desarrollo.grupomedios.com\/futbol\/wp-json\/wp\/v2\/media\/472011"}],"wp:attachment":[{"href":"http:\/\/desarrollo.grupomedios.com\/futbol\/wp-json\/wp\/v2\/media?parent=472004"}],"wp:term":[{"taxonomy":"category","embeddable":true,"href":"http:\/\/desarrollo.grupomedios.com\/futbol\/wp-json\/wp\/v2\/categories?post=472004"},{"taxonomy":"post_tag","embeddable":true,"href":"http:\/\/desarrollo.grupomedios.com\/futbol\/wp-json\/wp\/v2\/tags?post=472004"}],"curies":[{"name":"wp","href":"https:\/\/api.w.org\/{rel}","templated":true}]}}