{"id":472020,"date":"2017-04-04T16:34:26","date_gmt":"2017-04-04T21:34:26","guid":{"rendered":"https:\/\/www.futboltotal.com.mx\/?p=472020"},"modified":"2017-04-04T16:34:26","modified_gmt":"2017-04-04T21:34:26","slug":"companero-chicharito-amenazado-boxeador","status":"publish","type":"post","link":"http:\/\/desarrollo.grupomedios.com\/futbol\/futbol-internacional\/companero-chicharito-amenazado-boxeador\/2017\/04","title":{"rendered":"Compa\u00f1ero de Chicharito es amenazado por un boxeador"},"content":{"rendered":"<p><strong>Leon Bailey<\/strong>, jugador del Bayer Leverkusen, fue amenazado por el boxeador\u00a0<strong>Atif Tanriseven,\u00a0<\/strong>luego de que el futbolista lo grabara entrenando y lo llamara payaso. Todo esto sucedi\u00f3 el pasado domingo cuando Leon no fue convocado para formar parte de la plantilla que enfrentar\u00eda al Wolfsburg.<\/p>\n<p>Le\u00f3n estaba por las calles de de Genk en B\u00e9lgica, cuando el boxeador localiz\u00f3 a Bailey y lo encar\u00f3, pues no le pareci\u00f3 que lo llamaran payaso.<\/p>\n<blockquote><p>&#8220;\u00bfEres<strong> Leon Bailey<\/strong>? \u00bfPor qu\u00e9 me grabaste en Snapchat? Borra el v\u00eddeo y vas a hacer uno de disculpas&#8221;, grit\u00f3 <strong>Tanriseven <\/strong>a <strong>Bailey<\/strong>. &#8220;\u00bfCu\u00e1l es el problema? \u00a1C\u00e1llate! \u00bfPor qu\u00e9 me grabaste en el gimnasio? Yo soy un puto boxeador profesional, no puedes llamarme payaso. T\u00fa eres un puto futbolista hijo de puta. Te voy a partir la cara&#8221;, le dice en un video que public\u00f3 el pugilista.<\/p><\/blockquote>\n<p><iframe loading=\"lazy\" src=\"https:\/\/www.youtube.com\/embed\/NXLRNAAhSwM\" frameborder=\"0\" allowfullscreen=\"allowfullscreen\"><\/iframe><\/p>\n<p>&#8220;Eres un deportista y tienes que respetar a los dem\u00e1s&#8221;, le dijo el boxeador. \u00bfQuieres ser famoso a mi costa&#8221;, le pregunta <strong>Bailey<\/strong>. &#8220;No quiero ser famoso, ya lo soy suficiente&#8221;, explic\u00f3 <strong>Tanriseven<\/strong>. Al final la controversia fue creada por el siguiente video.<\/p>\n<p>&nbsp;<\/p>\n<blockquote class=\"twitter-video\" data-lang=\"es\">\n<p dir=\"ltr\" lang=\"nl\">.<a href=\"https:\/\/twitter.com\/leonbailey\">@leonbailey<\/a> Hier is nog de reden achter het hele verhaal. Atif gewoon rustig aan het trainen. <a href=\"https:\/\/twitter.com\/leonbailey\">@leonbailey<\/a> hem aan uitlachen om geen reden. <a href=\"https:\/\/t.co\/t6zmt8wcDy\">pic.twitter.com\/t6zmt8wcDy<\/a><\/p>\n<p>\u2014 Tweets By Phe (@Bigphe98) <a href=\"https:\/\/twitter.com\/Bigphe98\/status\/848599139634094083\">2 de abril de 2017<\/a><\/p><\/blockquote>\n<p><script async src=\"\/\/platform.twitter.com\/widgets.js\" charset=\"utf-8\"><\/script><\/p>\n","protected":false},"excerpt":{"rendered":"<p>El futbolista comenz\u00f3 con la controversia.<\/p>\n","protected":false},"author":20,"featured_media":472022,"comment_status":"closed","ping_status":"closed","sticky":false,"template":"","format":"standard","meta":[],"categories":[5419,3839],"tags":[4335,8436],"_links":{"self":[{"href":"http:\/\/desarrollo.grupomedios.com\/futbol\/wp-json\/wp\/v2\/posts\/472020"}],"collection":[{"href":"http:\/\/desarrollo.grupomedios.com\/futbol\/wp-json\/wp\/v2\/posts"}],"about":[{"href":"http:\/\/desarrollo.grupomedios.com\/futbol\/wp-json\/wp\/v2\/types\/post"}],"author":[{"embeddable":true,"href":"http:\/\/desarrollo.grupomedios.com\/futbol\/wp-json\/wp\/v2\/users\/20"}],"replies":[{"embeddable":true,"href":"http:\/\/desarrollo.grupomedios.com\/futbol\/wp-json\/wp\/v2\/comments?post=472020"}],"version-history":[{"count":1,"href":"http:\/\/desarrollo.grupomedios.com\/futbol\/wp-json\/wp\/v2\/posts\/472020\/revisions"}],"predecessor-version":[{"id":472023,"href":"http:\/\/desarrollo.grupomedios.com\/futbol\/wp-json\/wp\/v2\/posts\/472020\/revisions\/472023"}],"wp:featuredmedia":[{"embeddable":true,"href":"http:\/\/desarrollo.grupomedios.com\/futbol\/wp-json\/wp\/v2\/media\/472022"}],"wp:attachment":[{"href":"http:\/\/desarrollo.grupomedios.com\/futbol\/wp-json\/wp\/v2\/media?parent=472020"}],"wp:term":[{"taxonomy":"category","embeddable":true,"href":"http:\/\/desarrollo.grupomedios.com\/futbol\/wp-json\/wp\/v2\/categories?post=472020"},{"taxonomy":"post_tag","embeddable":true,"href":"http:\/\/desarrollo.grupomedios.com\/futbol\/wp-json\/wp\/v2\/tags?post=472020"}],"curies":[{"name":"wp","href":"https:\/\/api.w.org\/{rel}","templated":true}]}}