{"id":472047,"date":"2017-04-04T17:49:20","date_gmt":"2017-04-04T22:49:20","guid":{"rendered":"https:\/\/www.futboltotal.com.mx\/?p=472047"},"modified":"2017-04-04T17:49:20","modified_gmt":"2017-04-04T22:49:20","slug":"hemos-ido-perdiendo-frescura-carlos-vela","status":"publish","type":"post","link":"http:\/\/desarrollo.grupomedios.com\/futbol\/futbol-internacional\/hemos-ido-perdiendo-frescura-carlos-vela\/2017\/04","title":{"rendered":"Hemos ido perdiendo frescura: Carlos Vela"},"content":{"rendered":"<p>El delantero mexicano de la Real Sociedad, <strong>Carlos Vela<\/strong>, reconoci\u00f3 que el conjunto donostiarra, que este martes cay\u00f3 por 1-0 ante el Atl\u00e9tico de Madrid, se vino &#8220;un poco abajo&#8221;, tras verse por detr\u00e1s en el marcador.<\/p>\n<p>&#8220;El equipo empez\u00f3 con mucha actitud, con ganas de ir a por el resultado, pero el gol en contra hizo que el equipo se viniera un poco abajo. Despu\u00e9s lo intentamos, pero nos falt\u00f3 m\u00e1s claridad y crear m\u00e1s peligro&#8221;, se\u00f1al\u00f3 <strong>Vela<\/strong> en declaraciones a Bein Sports.<\/p>\n<p style=\"text-align: center;\"><span style=\"color: #3366ff;\"><a style=\"color: #3366ff;\" href=\"https:\/\/www.futboltotal.com.mx\/2017\/04\/atletico-durmio-a-la-real-sociedad-vela\/\">LEER M\u00c1S: Atl\u00e9tico de Madrid DURMI\u00d3 a la Real Sociedad de Vela<\/a><\/span><\/p>\n<p>Una derrota que hizo caer al conjunto donostiarra fuera de los puestos europeos, tras encadenar en el Vicente Calder\u00f3n su cuarta jornada consecutiva -3 derrotas y 1 empate- sin ganar.<\/p>\n<p>&#8220;El equipo ha perdido un poco la frescura, pero estamos trabajando para volver a recuperar el nivel, para volver a conseguir los triunfos y seguir en la parte de arriba&#8221;, concluy\u00f3 el atacante mexicano.EFE<\/p>\n","protected":false},"excerpt":{"rendered":"<p>Los de San Sebasti\u00e1n bajaron hasta el s\u00e9ptimo puesto.<\/p>\n","protected":false},"author":144,"featured_media":464962,"comment_status":"closed","ping_status":"closed","sticky":false,"template":"","format":"standard","meta":[],"categories":[3839],"tags":[6048,1913],"_links":{"self":[{"href":"http:\/\/desarrollo.grupomedios.com\/futbol\/wp-json\/wp\/v2\/posts\/472047"}],"collection":[{"href":"http:\/\/desarrollo.grupomedios.com\/futbol\/wp-json\/wp\/v2\/posts"}],"about":[{"href":"http:\/\/desarrollo.grupomedios.com\/futbol\/wp-json\/wp\/v2\/types\/post"}],"author":[{"embeddable":true,"href":"http:\/\/desarrollo.grupomedios.com\/futbol\/wp-json\/wp\/v2\/users\/144"}],"replies":[{"embeddable":true,"href":"http:\/\/desarrollo.grupomedios.com\/futbol\/wp-json\/wp\/v2\/comments?post=472047"}],"version-history":[{"count":1,"href":"http:\/\/desarrollo.grupomedios.com\/futbol\/wp-json\/wp\/v2\/posts\/472047\/revisions"}],"predecessor-version":[{"id":472054,"href":"http:\/\/desarrollo.grupomedios.com\/futbol\/wp-json\/wp\/v2\/posts\/472047\/revisions\/472054"}],"wp:featuredmedia":[{"embeddable":true,"href":"http:\/\/desarrollo.grupomedios.com\/futbol\/wp-json\/wp\/v2\/media\/464962"}],"wp:attachment":[{"href":"http:\/\/desarrollo.grupomedios.com\/futbol\/wp-json\/wp\/v2\/media?parent=472047"}],"wp:term":[{"taxonomy":"category","embeddable":true,"href":"http:\/\/desarrollo.grupomedios.com\/futbol\/wp-json\/wp\/v2\/categories?post=472047"},{"taxonomy":"post_tag","embeddable":true,"href":"http:\/\/desarrollo.grupomedios.com\/futbol\/wp-json\/wp\/v2\/tags?post=472047"}],"curies":[{"name":"wp","href":"https:\/\/api.w.org\/{rel}","templated":true}]}}