{"id":472051,"date":"2017-04-04T17:49:26","date_gmt":"2017-04-04T22:49:26","guid":{"rendered":"https:\/\/www.futboltotal.com.mx\/?p=472051"},"modified":"2017-04-04T17:49:26","modified_gmt":"2017-04-04T22:49:26","slug":"equipo-beisbol-se-contagiaria-de-maldicion-de-cruz-azul-regalo-a-comentarista","status":"publish","type":"post","link":"http:\/\/desarrollo.grupomedios.com\/futbol\/no-todo-es-futbol\/equipo-beisbol-se-contagiaria-de-maldicion-de-cruz-azul-regalo-a-comentarista\/2017\/04","title":{"rendered":"Equipo de beisbol se contagiar\u00eda de maldici\u00f3n de Cruz Azul"},"content":{"rendered":"<p>El comentarista de <em>ESPN<\/em>, <strong>\u00c1lvaro Morales<\/strong>, viaj\u00f3 a Canc\u00fan para el duelo peninsular entre los <strong>Tigres de Quintana Roo<\/strong> y los Piratas de Campeche, de la Liga Mexicana de B\u00e9isbol, donde los bengal\u00edes buscan conseguir su primera victoria de la temporada.<\/p>\n<p>A su llegada a Canc\u00fan Quintana Roo, <strong>\u00c1lvaro Morales<\/strong> recibi\u00f3 una grata sorpresa en su habitaci\u00f3n del hotel, ya que su cama ten\u00eda la leyenda \u201cbienvenido a casa \u00c1lvaro\u201d, acompa\u00f1ado del logo de Cruz Azul, equipo del que es aficionado el comentarista.<\/p>\n<p>Tras la c\u00e1lida bienvenida, <strong>\u00c1lvaro Morales<\/strong> agradeci\u00f3 a los <strong>Tigres de Quintana Ro<\/strong>o, quienes fueron responsables del gesto, aunque, conociendo el paso del Cruz Azul en los \u00faltimos a\u00f1os, \u00bfser\u00e1 que el equipo de b\u00e9isbol arriesgar\u00e1 su posibilidad de ganar, por quedar bien con el comentarista?<\/p>\n<p style=\"text-align: center;\"><span style=\"color: #3366ff;\"><a style=\"color: #3366ff;\" href=\"https:\/\/www.futboltotal.com.mx\/2017\/04\/chicharito-termino-romance-fugaz-camila-sodi\/\" target=\"_blank\"><strong>LEER M\u00c1S: Camila Sodi confiesa relaci\u00f3n con Chicharito<\/strong><\/a><\/span><\/p>\n<blockquote class=\"twitter-tweet\" data-lang=\"es\">\n<p dir=\"ltr\" lang=\"es\">Llego a mi habitaci\u00f3n y miren qu\u00e9 belleza. Lo que mis <a href=\"https:\/\/twitter.com\/tigresqroficial\">@tigresqroficial<\/a> me hicieron. Porque el beis y el fut no deben ser enemigos. <a href=\"https:\/\/t.co\/UAShsEyS13\">pic.twitter.com\/UAShsEyS13<\/a><\/p>\n<p>\u2014 \u00c1lvaro Morales (@AlvaritoMorales) <a href=\"https:\/\/twitter.com\/AlvaritoMorales\/status\/849383932449652736\">4 de abril de 2017<\/a><\/p><\/blockquote>\n<p><script async src=\"\/\/platform.twitter.com\/widgets.js\" charset=\"utf-8\"><\/script><\/p>\n<p>S\u00edguenos en Twitter: <a href=\"https:\/\/twitter.com\/MXFutbolTotal\" target=\"_blank\">@MXFutbolTotal<\/a><\/p>\n","protected":false},"excerpt":{"rendered":"<p>Los Tigres de Quintana Roo, dieron &#8216;obsequio&#8217; a comentarista aficionado a la M\u00e1quina.<\/p>\n","protected":false},"author":20,"featured_media":472053,"comment_status":"closed","ping_status":"closed","sticky":false,"template":"","format":"standard","meta":[],"categories":[5812,5419,5418,6411],"tags":[5460,5461],"_links":{"self":[{"href":"http:\/\/desarrollo.grupomedios.com\/futbol\/wp-json\/wp\/v2\/posts\/472051"}],"collection":[{"href":"http:\/\/desarrollo.grupomedios.com\/futbol\/wp-json\/wp\/v2\/posts"}],"about":[{"href":"http:\/\/desarrollo.grupomedios.com\/futbol\/wp-json\/wp\/v2\/types\/post"}],"author":[{"embeddable":true,"href":"http:\/\/desarrollo.grupomedios.com\/futbol\/wp-json\/wp\/v2\/users\/20"}],"replies":[{"embeddable":true,"href":"http:\/\/desarrollo.grupomedios.com\/futbol\/wp-json\/wp\/v2\/comments?post=472051"}],"version-history":[{"count":1,"href":"http:\/\/desarrollo.grupomedios.com\/futbol\/wp-json\/wp\/v2\/posts\/472051\/revisions"}],"predecessor-version":[{"id":472055,"href":"http:\/\/desarrollo.grupomedios.com\/futbol\/wp-json\/wp\/v2\/posts\/472051\/revisions\/472055"}],"wp:featuredmedia":[{"embeddable":true,"href":"http:\/\/desarrollo.grupomedios.com\/futbol\/wp-json\/wp\/v2\/media\/472053"}],"wp:attachment":[{"href":"http:\/\/desarrollo.grupomedios.com\/futbol\/wp-json\/wp\/v2\/media?parent=472051"}],"wp:term":[{"taxonomy":"category","embeddable":true,"href":"http:\/\/desarrollo.grupomedios.com\/futbol\/wp-json\/wp\/v2\/categories?post=472051"},{"taxonomy":"post_tag","embeddable":true,"href":"http:\/\/desarrollo.grupomedios.com\/futbol\/wp-json\/wp\/v2\/tags?post=472051"}],"curies":[{"name":"wp","href":"https:\/\/api.w.org\/{rel}","templated":true}]}}