{"id":472074,"date":"2017-04-04T20:07:45","date_gmt":"2017-04-05T01:07:45","guid":{"rendered":"https:\/\/www.futboltotal.com.mx\/?p=472074"},"modified":"2017-04-04T20:07:45","modified_gmt":"2017-04-05T01:07:45","slug":"jaguares-separa-a-cinco-jugadores-plantilla","status":"publish","type":"post","link":"http:\/\/desarrollo.grupomedios.com\/futbol\/futbol-mexicano\/jaguares-separa-a-cinco-jugadores-plantilla\/2017\/04","title":{"rendered":"Jaguares habr\u00eda separado a cinco jugadores de su plantilla"},"content":{"rendered":"<p>En <strong>Jaguares<\/strong> no est\u00e1n muy contentos con lo sucedido en el m\u00e1s reciente\u00a0enfrentamiento, pues la derrota ante Pumas no cay\u00f3 de la mejor forma y eso comienza a verse reflejado dentro de la plantilla que dirige Sergio Bueno.<\/p>\n<p>De acuerdo a\u00a0<strong>ESPN Digital,\u00a0<\/strong>Enrique Esqueda encabeza una lista de cinco jugadores que han sido separados del club. Al parecer una fuente cercana al club dijo que fueron relegados por\u00a0puros temas deportivos.<\/p>\n<p style=\"text-align: center;\"><a href=\"https:\/\/www.futboltotal.com.mx\/2017\/04\/pumas-alista-los-reemplazos-pikolin-veron\/\" target=\"_blank\">LEER M\u00c1S: Pumas alista los reemplazos de Pikol\u00edn y Ver\u00f3n<\/a><\/p>\n<p>William Paredes, Wilder Guisao y otro par de jugadores son los que ya no formar\u00edan parte del equipo para la presente temporada.<\/p>\n<p>Por el momento a\u00fan falta que el equipo de Chiapas lo haga oficial, pues no se ha emitido un comunicado al respecto.<\/p>\n<p>S\u00edguenos en Twitter: <a href=\"https:\/\/twitter.com\/MXFutbolTotal\" target=\"_blank\">@MXFutbolTotal<\/a><\/p>\n<p>&nbsp;<\/p>\n","protected":false},"excerpt":{"rendered":"<p>El equipo de la Selva ya no contar\u00eda con ellos. <\/p>\n","protected":false},"author":20,"featured_media":472077,"comment_status":"closed","ping_status":"closed","sticky":false,"template":"","format":"standard","meta":[],"categories":[2198,3845],"tags":[5964,4303],"_links":{"self":[{"href":"http:\/\/desarrollo.grupomedios.com\/futbol\/wp-json\/wp\/v2\/posts\/472074"}],"collection":[{"href":"http:\/\/desarrollo.grupomedios.com\/futbol\/wp-json\/wp\/v2\/posts"}],"about":[{"href":"http:\/\/desarrollo.grupomedios.com\/futbol\/wp-json\/wp\/v2\/types\/post"}],"author":[{"embeddable":true,"href":"http:\/\/desarrollo.grupomedios.com\/futbol\/wp-json\/wp\/v2\/users\/20"}],"replies":[{"embeddable":true,"href":"http:\/\/desarrollo.grupomedios.com\/futbol\/wp-json\/wp\/v2\/comments?post=472074"}],"version-history":[{"count":1,"href":"http:\/\/desarrollo.grupomedios.com\/futbol\/wp-json\/wp\/v2\/posts\/472074\/revisions"}],"predecessor-version":[{"id":472078,"href":"http:\/\/desarrollo.grupomedios.com\/futbol\/wp-json\/wp\/v2\/posts\/472074\/revisions\/472078"}],"wp:featuredmedia":[{"embeddable":true,"href":"http:\/\/desarrollo.grupomedios.com\/futbol\/wp-json\/wp\/v2\/media\/472077"}],"wp:attachment":[{"href":"http:\/\/desarrollo.grupomedios.com\/futbol\/wp-json\/wp\/v2\/media?parent=472074"}],"wp:term":[{"taxonomy":"category","embeddable":true,"href":"http:\/\/desarrollo.grupomedios.com\/futbol\/wp-json\/wp\/v2\/categories?post=472074"},{"taxonomy":"post_tag","embeddable":true,"href":"http:\/\/desarrollo.grupomedios.com\/futbol\/wp-json\/wp\/v2\/tags?post=472074"}],"curies":[{"name":"wp","href":"https:\/\/api.w.org\/{rel}","templated":true}]}}