{"id":472091,"date":"2017-04-05T14:40:17","date_gmt":"2017-04-05T19:40:17","guid":{"rendered":"https:\/\/www.futboltotal.com.mx\/?p=472091"},"modified":"2017-04-05T22:34:17","modified_gmt":"2017-04-06T03:34:17","slug":"resultados-semifinales-copa-mx-morelia-vs-cruz-azul-monterrey-vs-chivas","status":"publish","type":"post","link":"http:\/\/desarrollo.grupomedios.com\/futbol\/futbol-mexicano\/resultados-semifinales-copa-mx-morelia-vs-cruz-azul-monterrey-vs-chivas\/2017\/04","title":{"rendered":"Queda definida la Final de la Copa MX"},"content":{"rendered":"<p>Morelia venci\u00f3 por la m\u00ednima diferencia a Cruz Azul, en la primera Semifinal de la Copa MX del Clausura 2017, y ahora esperar\u00e1 al vencedor del<a href=\"https:\/\/www.futboltotal.com.mx\/en-vivo\/monterrey-vs-chivas-semifinales-copa-mx\/44\/\" target=\"_blank\"> Monterrey vs Chivas<\/a>, duelo que se llevar\u00e1 a cabo el mi\u00e9rcoles 5 de abril, a las 20:30 horas, en el BBVA.<\/p>\n<p style=\"text-align: center;\"><span style=\"color: #3366ff;\"><a style=\"color: #3366ff;\" href=\"https:\/\/www.futboltotal.com.mx\/2017\/04\/resultado-copa-mx-morelia-1-0-cruz-azul\/\" target=\"_blank\"><strong>LEER M\u00c1S: Morelia, primer finalista de Copa MX<\/strong><\/a><\/span><\/p>\n<blockquote class=\"twitter-tweet\" data-lang=\"es\">\n<p dir=\"ltr\" lang=\"es\">BIENVENIDOS <a href=\"https:\/\/twitter.com\/FuerzaMonarca\">@FuerzaMonarca<\/a> a la <a href=\"https:\/\/twitter.com\/hashtag\/GranFinal?src=hash\">#GranFinal<\/a> de la <a href=\"https:\/\/twitter.com\/hashtag\/CopaCoronaMX?src=hash\">#CopaCoronaMX<\/a> &#x1f3c6; <a href=\"https:\/\/twitter.com\/hashtag\/Clausura2017?src=hash\">#Clausura2017<\/a> &#x1f44f;&#x1f44f;&#x1f44f;&#x1f44f;<br \/>\n\u26bd <a href=\"https:\/\/twitter.com\/hashtag\/SienteTuLiga?src=hash\">#SienteTuLiga<\/a> \u26bd <a href=\"https:\/\/twitter.com\/hashtag\/AbrazadosPorElFutbol?src=hash\">#AbrazadosPorElFutbol<\/a> <a href=\"https:\/\/t.co\/qn1yGkWw6z\">pic.twitter.com\/qn1yGkWw6z<\/a><\/p>\n<p>\u2014 #CopaCoronaMX (@CopaCoronaMx) <a href=\"https:\/\/twitter.com\/CopaCoronaMx\/status\/849439392540348417\">5 de abril de 2017<\/a><\/p><\/blockquote>\n<p><script async src=\"\/\/platform.twitter.com\/widgets.js\" charset=\"utf-8\"><\/script><\/p>\n<p>Chivas enfrentar\u00e1 a Morelia en la Final de la Copa MX, el reba\u00f1o vino de atr\u00e1s para doblegar a Monterrey y conseguir una vez m\u00e1s estar entre los dos mejores del torneo.<\/p>\n<p>&nbsp;<\/p>\n<blockquote class=\"twitter-tweet\" data-lang=\"es\">\n<p dir=\"ltr\" lang=\"es\">BIENVENIDOS <a href=\"https:\/\/twitter.com\/Chivas\">@Chivas<\/a> a la <a href=\"https:\/\/twitter.com\/hashtag\/GranFinal?src=hash\">#GranFinal<\/a> de la <a href=\"https:\/\/twitter.com\/hashtag\/CopaCoronaMX?src=hash\">#CopaCoronaMX<\/a> &#x1f3c6; <a href=\"https:\/\/twitter.com\/hashtag\/Clausura2017?src=hash\">#Clausura2017<\/a> &#x1f44f;&#x1f44f;&#x1f44f;&#x1f44f;<br \/>\n\u26bd <a href=\"https:\/\/twitter.com\/hashtag\/SienteTuLiga?src=hash\">#SienteTuLiga<\/a> \u26bd <a href=\"https:\/\/twitter.com\/hashtag\/AbrazadosPorElFutbol?src=hash\">#AbrazadosPorElFutbol<\/a> <a href=\"https:\/\/twitter.com\/hashtag\/Mi%C3%A9rcolesDeFut?src=hash\">#Mi\u00e9rcolesDeFut<\/a> <a href=\"https:\/\/t.co\/ZDFDGRGeRr\">pic.twitter.com\/ZDFDGRGeRr<\/a><\/p>\n<p>\u2014 #CopaCoronaMX (@CopaCoronaMx) <a href=\"https:\/\/twitter.com\/CopaCoronaMx\/status\/849826523209138177\">6 de abril de 2017<\/a><\/p><\/blockquote>\n<p><script async src=\"\/\/platform.twitter.com\/widgets.js\" charset=\"utf-8\"><\/script><\/p>\n<p><a href=\"https:\/\/www.futboltotal.com.mx\/wp-content\/uploads\/2017\/04\/chivas-final-copa-morelia.jpg\"><img decoding=\"async\" loading=\"lazy\" class=\"alignnone size-full wp-image-472322\" src=\"https:\/\/www.futboltotal.com.mx\/wp-content\/uploads\/2017\/04\/chivas-final-copa-morelia.jpg\" alt=\"Queda definida la Final de la Copa MX 0\" srcset=\"http:\/\/desarrollo.grupomedios.com\/futbol\/wp-content\/uploads\/2017\/04\/chivas-final-copa-morelia.jpg 1094w, http:\/\/desarrollo.grupomedios.com\/futbol\/wp-content\/uploads\/2017\/04\/chivas-final-copa-morelia-300x253.jpg 300w, http:\/\/desarrollo.grupomedios.com\/futbol\/wp-content\/uploads\/2017\/04\/chivas-final-copa-morelia-768x648.jpg 768w, http:\/\/desarrollo.grupomedios.com\/futbol\/wp-content\/uploads\/2017\/04\/chivas-final-copa-morelia-1024x864.jpg 1024w\" sizes=\"(max-width: 1094px) 100vw, 1094px\" \/><\/a><\/p>\n<p>S\u00edguenos en Twitter: <a href=\"https:\/\/twitter.com\/MXFutbolTotal\" target=\"_blank\">@MXFutbolTotal<\/a><\/p>\n","protected":false},"excerpt":{"rendered":"<p>\u00a1Monarcas espera a Chivas o Rayados!<\/p>\n","protected":false},"author":20,"featured_media":472094,"comment_status":"closed","ping_status":"closed","sticky":false,"template":"","format":"standard","meta":[],"categories":[2198,3845],"tags":[70,285,5962,5966,5967],"_links":{"self":[{"href":"http:\/\/desarrollo.grupomedios.com\/futbol\/wp-json\/wp\/v2\/posts\/472091"}],"collection":[{"href":"http:\/\/desarrollo.grupomedios.com\/futbol\/wp-json\/wp\/v2\/posts"}],"about":[{"href":"http:\/\/desarrollo.grupomedios.com\/futbol\/wp-json\/wp\/v2\/types\/post"}],"author":[{"embeddable":true,"href":"http:\/\/desarrollo.grupomedios.com\/futbol\/wp-json\/wp\/v2\/users\/20"}],"replies":[{"embeddable":true,"href":"http:\/\/desarrollo.grupomedios.com\/futbol\/wp-json\/wp\/v2\/comments?post=472091"}],"version-history":[{"count":7,"href":"http:\/\/desarrollo.grupomedios.com\/futbol\/wp-json\/wp\/v2\/posts\/472091\/revisions"}],"predecessor-version":[{"id":472323,"href":"http:\/\/desarrollo.grupomedios.com\/futbol\/wp-json\/wp\/v2\/posts\/472091\/revisions\/472323"}],"wp:featuredmedia":[{"embeddable":true,"href":"http:\/\/desarrollo.grupomedios.com\/futbol\/wp-json\/wp\/v2\/media\/472094"}],"wp:attachment":[{"href":"http:\/\/desarrollo.grupomedios.com\/futbol\/wp-json\/wp\/v2\/media?parent=472091"}],"wp:term":[{"taxonomy":"category","embeddable":true,"href":"http:\/\/desarrollo.grupomedios.com\/futbol\/wp-json\/wp\/v2\/categories?post=472091"},{"taxonomy":"post_tag","embeddable":true,"href":"http:\/\/desarrollo.grupomedios.com\/futbol\/wp-json\/wp\/v2\/tags?post=472091"}],"curies":[{"name":"wp","href":"https:\/\/api.w.org\/{rel}","templated":true}]}}