{"id":472192,"date":"2017-04-05T13:45:05","date_gmt":"2017-04-05T18:45:05","guid":{"rendered":"https:\/\/www.futboltotal.com.mx\/?p=472192"},"modified":"2017-04-05T13:55:23","modified_gmt":"2017-04-05T18:55:23","slug":"leon-quiere-robarse-a-la-volpe-relevar-a-torrente","status":"publish","type":"post","link":"http:\/\/desarrollo.grupomedios.com\/futbol\/futbol-mexicano\/leon-quiere-robarse-a-la-volpe-relevar-a-torrente\/2017\/04","title":{"rendered":"\u00a1Le\u00f3n quiere &#8216;robarse&#8217; a La Volpe!"},"content":{"rendered":"<p>La directiva del <strong>Le\u00f3n<\/strong> no da por hecho la continuidad del entrenador argentino Javier Torrente para el pr\u00f3ximo Apertura 2017 y desde ahora ha comenzado a buscar los posibles candidatos para relevarlo. Nada menos, entre ellos est\u00e1 otro argentino: <strong>Ricardo La Volpe<\/strong>, quien actualmente dirige al Am\u00e9rica.<\/p>\n<p>El club<em> esmeralda<\/em> habr\u00eda contactado en d\u00edas pasados con el\u00a0<em>Bigot\u00f3n\u00a0<\/em>para expresarle el inter\u00e9s que tienen en contar con sus servicios y la posibilidad de que al t\u00e9rmino del semestre puedan reunirse para tratar de llegar a un acuerdo.<\/p>\n<p style=\"text-align: center;\"><span style=\"color: #3366ff;\">VER M\u00c1S: Todas las noticias de futbol mexicano<\/span><\/p>\n<blockquote><p>&#8220;La gente del Le\u00f3n ha tratado de endulzarle el o\u00eddo al \u2018Bigot\u00f3n\u2019, haci\u00e9ndole \u00e9nfasis de que en el club tienen unas grandes fuerzas b\u00e1sicas a la espera de ser \u2018explotadas\u2019&#8221;, public\u00f3 el diario <em>R\u00e9cord<\/em> en la columna escrita por el <em>Francotirador.<\/em><\/p>\n<p><em> &#8220;<\/em>Lo cierto es que de momento no hay nada seguro, por m\u00e1s que Andr\u00e9s Fassi haya tratado de convencer a \u2018Richie\u2019&#8221;, destac\u00f3 la publicaci\u00f3n.<\/p><\/blockquote>\n<p>La posible llegada de <strong>Ricardo La Volpe<\/strong> al Le\u00f3n depender\u00e1 en primera instancia de si el Am\u00e9rica decide o no renovar al argentino m\u00e1s all\u00e1 del Clausura 2017, cuando termina su actual contrato. Y para ello habr\u00e1 que esperar hasta el final de semestre, pues ser\u00e1 hasta entonces cuando la directiva <em>azulcrema\u00a0<\/em>eval\u00fae los resultados logrados. Solo ganando la liga habr\u00e1 oportunidad para que el <em>Bigot\u00f3n<\/em> siga en el <em>Nido.<\/em><\/p>\n<p>S\u00edguenos en Twitter: <a href=\"https:\/\/twitter.com\/MXFutbolTotal\" target=\"_blank\">@MXFutbolTotal<\/a><\/p>\n<p>&nbsp;<\/p>\n","protected":false},"excerpt":{"rendered":"<p>La Fiera contempla al t\u00e9cnico del Am\u00e9rica para el pr\u00f3ximo Apertura 2017. <\/p>\n","protected":false},"author":20,"featured_media":472196,"comment_status":"closed","ping_status":"closed","sticky":false,"template":"","format":"standard","meta":[],"categories":[2198,3845],"tags":[5965,767],"_links":{"self":[{"href":"http:\/\/desarrollo.grupomedios.com\/futbol\/wp-json\/wp\/v2\/posts\/472192"}],"collection":[{"href":"http:\/\/desarrollo.grupomedios.com\/futbol\/wp-json\/wp\/v2\/posts"}],"about":[{"href":"http:\/\/desarrollo.grupomedios.com\/futbol\/wp-json\/wp\/v2\/types\/post"}],"author":[{"embeddable":true,"href":"http:\/\/desarrollo.grupomedios.com\/futbol\/wp-json\/wp\/v2\/users\/20"}],"replies":[{"embeddable":true,"href":"http:\/\/desarrollo.grupomedios.com\/futbol\/wp-json\/wp\/v2\/comments?post=472192"}],"version-history":[{"count":4,"href":"http:\/\/desarrollo.grupomedios.com\/futbol\/wp-json\/wp\/v2\/posts\/472192\/revisions"}],"predecessor-version":[{"id":472207,"href":"http:\/\/desarrollo.grupomedios.com\/futbol\/wp-json\/wp\/v2\/posts\/472192\/revisions\/472207"}],"wp:featuredmedia":[{"embeddable":true,"href":"http:\/\/desarrollo.grupomedios.com\/futbol\/wp-json\/wp\/v2\/media\/472196"}],"wp:attachment":[{"href":"http:\/\/desarrollo.grupomedios.com\/futbol\/wp-json\/wp\/v2\/media?parent=472192"}],"wp:term":[{"taxonomy":"category","embeddable":true,"href":"http:\/\/desarrollo.grupomedios.com\/futbol\/wp-json\/wp\/v2\/categories?post=472192"},{"taxonomy":"post_tag","embeddable":true,"href":"http:\/\/desarrollo.grupomedios.com\/futbol\/wp-json\/wp\/v2\/tags?post=472192"}],"curies":[{"name":"wp","href":"https:\/\/api.w.org\/{rel}","templated":true}]}}