{"id":472193,"date":"2017-04-05T13:43:08","date_gmt":"2017-04-05T18:43:08","guid":{"rendered":"https:\/\/www.futboltotal.com.mx\/?p=472193"},"modified":"2017-04-05T20:34:49","modified_gmt":"2017-04-06T01:34:49","slug":"en-vivo-monterrey-vs-chivas-semifinales-copa-mx","status":"publish","type":"post","link":"http:\/\/desarrollo.grupomedios.com\/futbol\/futbol-mexicano\/en-vivo-monterrey-vs-chivas-semifinales-copa-mx\/2017\/04","title":{"rendered":"EN VIVO| Monterrey vs Chivas | Semifinales Copa MX"},"content":{"rendered":"<p><a href=\"https:\/\/www.futboltotal.com.mx\/en-vivo\/monterrey-vs-chivas-semifinales-copa-mx\/44\/\">DA CLICK\u00a0AQU\u00cd Y SIGUE EN VIVO LA SEMIFINAL DE COPA MX\u00a0MONTERREY VS. CHIVAS A LAS 20:30 HRS.<\/a><\/p>\n<p>En el estadio BBVA se cierra la actividad de semifinales de Copa MX, con el <strong>Monterrey vs Chivas<\/strong>, encuentro entre dos de los mejores equipos del Clausura 2017 que buscan el t\u00edtulo del certamen copero para enracharse tambi\u00e9n, rumbo a la Liguilla. Las acciones inician a las 20:30 horas del mi\u00e9rcoles 5 de abril.<\/p>\n<p><a href=\"https:\/\/www.futboltotal.com.mx\/en-vivo\/monterrey-vs-chivas-semifinales-copa-mx\/44\/\">DA CLICK\u00a0AQU\u00cd Y SIGUE EN VIVO LA SEMIFINAL DE COPA MX\u00a0MONTERREY VS. CHIVAS A LAS 20:30 HRS.<\/a><\/p>\n<p>El segundo boleto por el t\u00edtulo de Copa MX del Clausura 2017 estar\u00e1 en disputa con el duelo entre directores t\u00e9cnicos argentinos, Antonio Mohamed, del <strong>Monterrey<\/strong>, y Mat\u00edas Almeyda, de <strong>Chivas<\/strong>, donde solo uno de ellos ha sido campe\u00f3n del certamen. Cabe destacar, que hist\u00f3ricamente a ambas escuadras les ha costado el torneo, por lo que el acceder a la final, no les servir\u00e1 de mucho si no la ganan.<\/p>\n<p><em>Rayados<\/em> s\u00f3lo tiene un t\u00edtulo de Copa, lo consigui\u00f3 en 1992, adem\u00e1s de que ha jugado solamente tres finales; por su parte Guadalajara, tiene tres campeonatos, aunque es la escuadra con m\u00e1s subcampeonatos, al acumular ocho, el \u00faltimo fue durante la campa\u00f1a anterior, cuando perdi\u00f3 en penales ante los Gallos Blancos del Quer\u00e9taro.<\/p>\n<p style=\"text-align: center;\"><a href=\"https:\/\/www.futboltotal.com.mx\/2017\/04\/cruz-azul-esta-en-crisis-chaco-gimenez\/\">VER M\u00c1S: Cruz Azul est\u00e1 en crisis: <em>Chaco<\/em> Gim\u00e9nez<\/a><\/p>\n<p>Cabe destacar que el <em>Reba\u00f1o Sagrado<\/em> ha sido recurrente en la final de Copa MX en los \u00faltimos dos a\u00f1os, pues jug\u00f3 finales ante Puebla en el Clausura 2015, Le\u00f3n en el Apertura 2015 y Quer\u00e9taro en el Apertura 2016; cay\u00f3 ante la Franja y los Gallos, pero obtuvo la victoria contra la Fiera, por la m\u00ednima diferencia.<\/p>\n<p><strong>Monterrey vs Chivas<\/strong>, \u00bfqui\u00e9n ganar\u00e1 este partido, <em>cracks<\/em>?<\/p>\n<p><a href=\"https:\/\/www.futboltotal.com.mx\/en-vivo\/monterrey-vs-chivas-semifinales-copa-mx\/44\/\">DA CLICK\u00a0AQU\u00cd Y SIGUE EN VIVO LA SEMIFINAL DE COPA MX\u00a0MONTERREY VS. CHIVAS A LAS 20:30 HRS.<\/a><\/p>\n","protected":false},"excerpt":{"rendered":"<p>Sigue aqu\u00ed las semifinales de Copa MX con el partido Monterrey vs Chivas.<\/p>\n","protected":false},"author":20,"featured_media":472059,"comment_status":"closed","ping_status":"closed","sticky":false,"template":"","format":"standard","meta":[],"categories":[4247,2198],"tags":[70,285,5928,5963,5966,8323,497,1711],"_links":{"self":[{"href":"http:\/\/desarrollo.grupomedios.com\/futbol\/wp-json\/wp\/v2\/posts\/472193"}],"collection":[{"href":"http:\/\/desarrollo.grupomedios.com\/futbol\/wp-json\/wp\/v2\/posts"}],"about":[{"href":"http:\/\/desarrollo.grupomedios.com\/futbol\/wp-json\/wp\/v2\/types\/post"}],"author":[{"embeddable":true,"href":"http:\/\/desarrollo.grupomedios.com\/futbol\/wp-json\/wp\/v2\/users\/20"}],"replies":[{"embeddable":true,"href":"http:\/\/desarrollo.grupomedios.com\/futbol\/wp-json\/wp\/v2\/comments?post=472193"}],"version-history":[{"count":7,"href":"http:\/\/desarrollo.grupomedios.com\/futbol\/wp-json\/wp\/v2\/posts\/472193\/revisions"}],"predecessor-version":[{"id":472306,"href":"http:\/\/desarrollo.grupomedios.com\/futbol\/wp-json\/wp\/v2\/posts\/472193\/revisions\/472306"}],"wp:featuredmedia":[{"embeddable":true,"href":"http:\/\/desarrollo.grupomedios.com\/futbol\/wp-json\/wp\/v2\/media\/472059"}],"wp:attachment":[{"href":"http:\/\/desarrollo.grupomedios.com\/futbol\/wp-json\/wp\/v2\/media?parent=472193"}],"wp:term":[{"taxonomy":"category","embeddable":true,"href":"http:\/\/desarrollo.grupomedios.com\/futbol\/wp-json\/wp\/v2\/categories?post=472193"},{"taxonomy":"post_tag","embeddable":true,"href":"http:\/\/desarrollo.grupomedios.com\/futbol\/wp-json\/wp\/v2\/tags?post=472193"}],"curies":[{"name":"wp","href":"https:\/\/api.w.org\/{rel}","templated":true}]}}