{"id":472203,"date":"2017-04-05T13:57:59","date_gmt":"2017-04-05T18:57:59","guid":{"rendered":"https:\/\/www.futboltotal.com.mx\/?p=472203"},"modified":"2017-04-05T13:57:59","modified_gmt":"2017-04-05T18:57:59","slug":"la-mexicana-intenta-batir-record-ana-guevara","status":"publish","type":"post","link":"http:\/\/desarrollo.grupomedios.com\/futbol\/no-todo-es-futbol\/la-mexicana-intenta-batir-record-ana-guevara\/2017\/04","title":{"rendered":"La mexicana que intenta batir el r\u00e9cord de Ana Guevara"},"content":{"rendered":"<p>La mexicana <strong>Gabriela Medina<\/strong>, subcampeona de los Juegos Panamericanos de Guadalajara 2011, asegur\u00f3 hoy estar trabajando para romper el r\u00e9cord de la medallista ol\u00edmpica <strong>Ana Guevara<\/strong> en 800 metros, 2:01.12, implantado hace casi 20 a\u00f1os.<\/p>\n<p>&#8220;Me siento bien para esta temporada, mi mayor motivaci\u00f3n es poder romper el r\u00e9cord mexicano de mi amiga <strong>Ana Guevara<\/strong> y dar la marca para los Mundiales de Atletismo de Londres y, por qu\u00e9 no, estar en mis \u00faltimos Juegos Ol\u00edmpicos en Tokio 2020&#8243;, dijo la atleta de 22 a\u00f1os.<\/p>\n<p>Apoyada en sus inicios por <strong>Ana Guevara<\/strong>, campeona mundial en Par\u00eds 2003 y subcampeona ol\u00edmpica en Atenas 2004, Medina acompa\u00f1\u00f3 a su maestra como integrante del relevo 4 por 400 metros planos, que lleg\u00f3 a ser campe\u00f3n de Iberoam\u00e9rica y de los Juegos Centroamericanos y del Caribe.<\/p>\n<p><a href=\"https:\/\/www.futboltotal.com.mx\/wp-content\/uploads\/2017\/04\/gabriela-medina-la-mexicana-que-intenta-batir-el-record-de-ana-guevara-1.jpg\"><img decoding=\"async\" loading=\"lazy\" class=\"alignnone size-full wp-image-472206\" src=\"https:\/\/www.futboltotal.com.mx\/wp-content\/uploads\/2017\/04\/gabriela-medina-la-mexicana-que-intenta-batir-el-record-de-ana-guevara-1.jpg\" alt=\"La mexicana que intenta batir el r\u00e9cord de Ana Guevara 0\" srcset=\"http:\/\/desarrollo.grupomedios.com\/futbol\/wp-content\/uploads\/2017\/04\/gabriela-medina-la-mexicana-que-intenta-batir-el-record-de-ana-guevara-1.jpg 1136w, http:\/\/desarrollo.grupomedios.com\/futbol\/wp-content\/uploads\/2017\/04\/gabriela-medina-la-mexicana-que-intenta-batir-el-record-de-ana-guevara-1-300x169.jpg 300w, http:\/\/desarrollo.grupomedios.com\/futbol\/wp-content\/uploads\/2017\/04\/gabriela-medina-la-mexicana-que-intenta-batir-el-record-de-ana-guevara-1-768x432.jpg 768w, http:\/\/desarrollo.grupomedios.com\/futbol\/wp-content\/uploads\/2017\/04\/gabriela-medina-la-mexicana-que-intenta-batir-el-record-de-ana-guevara-1-1024x576.jpg 1024w, http:\/\/desarrollo.grupomedios.com\/futbol\/wp-content\/uploads\/2017\/04\/gabriela-medina-la-mexicana-que-intenta-batir-el-record-de-ana-guevara-1-317x178.jpg 317w, http:\/\/desarrollo.grupomedios.com\/futbol\/wp-content\/uploads\/2017\/04\/gabriela-medina-la-mexicana-que-intenta-batir-el-record-de-ana-guevara-1-535x301.jpg 535w, http:\/\/desarrollo.grupomedios.com\/futbol\/wp-content\/uploads\/2017\/04\/gabriela-medina-la-mexicana-que-intenta-batir-el-record-de-ana-guevara-1-374x210.jpg 374w\" sizes=\"(max-width: 1136px) 100vw, 1136px\" \/><\/a><\/p>\n<p>Antes de especializarse en 400 metros, <strong>Ana Guevara<\/strong> combin\u00f3 esa prueba con los 800 planos, distancia en la que marc\u00f3 2:01.12 en los Juegos Centroamericanos y del Caribe de Maracaibo 1998 en los que gan\u00f3 medalla de plata delante, entre otras de la doble campeona mundial cubana Ana Fidelia Quirot.<\/p>\n<p style=\"text-align: center;\"><span style=\"color: #3366ff;\"><a style=\"color: #3366ff;\" href=\"https:\/\/www.futboltotal.com.mx\/2017\/04\/surge-nuevo-robo-periodista-ahora-en-formula-e\/\" target=\"_blank\"><strong>LEER M\u00c1S: Reportan otro robo de prensa en M\u00e9xico<\/strong><\/a><\/span><\/p>\n<p>Guevara se concentr\u00f3 a partir de ah\u00ed en la vuelta a la pista y la que m\u00e1s se acerc\u00f3 a su registro fue <strong>Gabriela Medina<\/strong>, con 2:01.50 en Mayag\u00fcez, Puerto Rico en el 2011, meses antes de ganar plata en los Panamericanos de Guadalajara.<\/p>\n<p>&#8220;Me motiva a seguir buscando retos, esperemos lograr el objetivo&#8221;, dijo Medina, quien trabaja con el entrenador cubano Ra\u00fal Barreda, quien llev\u00f3 a A<strong>na Guevara<\/strong> a ser la mejor del mundo a inicios de este siglo.<\/p>\n<p>Medina estuvo a punto de clasificarse el a\u00f1o pasado a los Juegos Ol\u00edmpicos de R\u00edo de Janeiro, pero una lesi\u00f3n le impidi\u00f3 hacer la marca; ya recuperada, este mes competir\u00e1 en un encuentro atl\u00e9tico en la ciudad de M\u00e9xico, en mayo participar\u00e1 en el Memorial Barrientos de La Habana, Cuba, y en junio en el Campeonato Nacional de Monterrey.<\/p>\n<p><a href=\"https:\/\/www.futboltotal.com.mx\/wp-content\/uploads\/2017\/04\/gabriela-medina-la-mexicana-que-intenta-batir-el-record-de-ana-guevara-2.jpg\"><img decoding=\"async\" loading=\"lazy\" class=\"alignnone size-full wp-image-472209\" src=\"https:\/\/www.futboltotal.com.mx\/wp-content\/uploads\/2017\/04\/gabriela-medina-la-mexicana-que-intenta-batir-el-record-de-ana-guevara-2.jpg\" alt=\"La mexicana que intenta batir el r\u00e9cord de Ana Guevara 1\" srcset=\"http:\/\/desarrollo.grupomedios.com\/futbol\/wp-content\/uploads\/2017\/04\/gabriela-medina-la-mexicana-que-intenta-batir-el-record-de-ana-guevara-2.jpg 1136w, http:\/\/desarrollo.grupomedios.com\/futbol\/wp-content\/uploads\/2017\/04\/gabriela-medina-la-mexicana-que-intenta-batir-el-record-de-ana-guevara-2-300x169.jpg 300w, http:\/\/desarrollo.grupomedios.com\/futbol\/wp-content\/uploads\/2017\/04\/gabriela-medina-la-mexicana-que-intenta-batir-el-record-de-ana-guevara-2-768x432.jpg 768w, http:\/\/desarrollo.grupomedios.com\/futbol\/wp-content\/uploads\/2017\/04\/gabriela-medina-la-mexicana-que-intenta-batir-el-record-de-ana-guevara-2-1024x576.jpg 1024w, http:\/\/desarrollo.grupomedios.com\/futbol\/wp-content\/uploads\/2017\/04\/gabriela-medina-la-mexicana-que-intenta-batir-el-record-de-ana-guevara-2-317x178.jpg 317w, http:\/\/desarrollo.grupomedios.com\/futbol\/wp-content\/uploads\/2017\/04\/gabriela-medina-la-mexicana-que-intenta-batir-el-record-de-ana-guevara-2-535x301.jpg 535w, http:\/\/desarrollo.grupomedios.com\/futbol\/wp-content\/uploads\/2017\/04\/gabriela-medina-la-mexicana-que-intenta-batir-el-record-de-ana-guevara-2-374x210.jpg 374w\" sizes=\"(max-width: 1136px) 100vw, 1136px\" \/><\/a><\/p>\n<p><strong>S\u00edguenos en Twitter:<\/strong> <a href=\"https:\/\/twitter.com\/MXFutbolTotal\" target=\"_blank\">@MXFutbolTotal<\/a><\/p>\n","protected":false},"excerpt":{"rendered":"<p>Gabriela Medina se prepara para superar a la hist\u00f3rica velocista, en este a\u00f1o.<\/p>\n","protected":false},"author":144,"featured_media":472204,"comment_status":"closed","ping_status":"closed","sticky":false,"template":"","format":"standard","meta":[],"categories":[5418,6411,5813],"tags":[5461],"_links":{"self":[{"href":"http:\/\/desarrollo.grupomedios.com\/futbol\/wp-json\/wp\/v2\/posts\/472203"}],"collection":[{"href":"http:\/\/desarrollo.grupomedios.com\/futbol\/wp-json\/wp\/v2\/posts"}],"about":[{"href":"http:\/\/desarrollo.grupomedios.com\/futbol\/wp-json\/wp\/v2\/types\/post"}],"author":[{"embeddable":true,"href":"http:\/\/desarrollo.grupomedios.com\/futbol\/wp-json\/wp\/v2\/users\/144"}],"replies":[{"embeddable":true,"href":"http:\/\/desarrollo.grupomedios.com\/futbol\/wp-json\/wp\/v2\/comments?post=472203"}],"version-history":[{"count":1,"href":"http:\/\/desarrollo.grupomedios.com\/futbol\/wp-json\/wp\/v2\/posts\/472203\/revisions"}],"predecessor-version":[{"id":472210,"href":"http:\/\/desarrollo.grupomedios.com\/futbol\/wp-json\/wp\/v2\/posts\/472203\/revisions\/472210"}],"wp:featuredmedia":[{"embeddable":true,"href":"http:\/\/desarrollo.grupomedios.com\/futbol\/wp-json\/wp\/v2\/media\/472204"}],"wp:attachment":[{"href":"http:\/\/desarrollo.grupomedios.com\/futbol\/wp-json\/wp\/v2\/media?parent=472203"}],"wp:term":[{"taxonomy":"category","embeddable":true,"href":"http:\/\/desarrollo.grupomedios.com\/futbol\/wp-json\/wp\/v2\/categories?post=472203"},{"taxonomy":"post_tag","embeddable":true,"href":"http:\/\/desarrollo.grupomedios.com\/futbol\/wp-json\/wp\/v2\/tags?post=472203"}],"curies":[{"name":"wp","href":"https:\/\/api.w.org\/{rel}","templated":true}]}}