{"id":472208,"date":"2017-04-05T14:20:44","date_gmt":"2017-04-05T19:20:44","guid":{"rendered":"https:\/\/www.futboltotal.com.mx\/?p=472208"},"modified":"2017-04-05T14:20:44","modified_gmt":"2017-04-05T19:20:44","slug":"aficionado-del-america-se-desquita-trollea-al-chaco","status":"publish","type":"post","link":"http:\/\/desarrollo.grupomedios.com\/futbol\/cambio-de-juego\/aficionado-del-america-se-desquita-trollea-al-chaco\/2017\/04","title":{"rendered":"Aficionado del Am\u00e9rica se desquita y trollea al &#8216;Chaco&#8217;"},"content":{"rendered":"<p>Se par\u00f3 discretamente justo detr\u00e1s del\u00a0<em>Chaco <\/em>Gim\u00e9nez mientras lo ve\u00eda como valoraba la\u00a0eliminaci\u00f3n de Cruz Azul ante Morelia, en las Semifinales de la Copa MX. Era un aficionado del Am\u00e9rica, al que no le import\u00f3 ver al mediocampista dando una entrevista en el aeropuerto y en una de esas\u00a0aprovech\u00f3 para &#8216;trollearlo&#8217;. Lo hizo ech\u00e1ndole lim\u00f3n a la herida y burl\u00e1ndose con un simple gesto del fracaso <em>celeste,\u00a0<\/em>solo unos d\u00edas despu\u00e9s de que Gim\u00e9nez insultara a manera de broma a los seguidores <em>azulcremas.\u00a0<\/em><\/p>\n<p style=\"text-align: center;\"><a href=\"https:\/\/www.futboltotal.com.mx\/futbol-mexicano\/\"><span style=\"color: #3366ff;\">VER M\u00c1S: Todas las noticias de futbol mexicano<\/span><\/a><\/p>\n<p style=\"text-align: center;\"><iframe loading=\"lazy\" src=\"https:\/\/www.youtube.com\/embed\/zGv3PQ2WHNg?ecver=1\" frameborder=\"0\" allowfullscreen=\"allowfullscreen\"><\/iframe><\/p>\n<p style=\"text-align: left;\">S\u00edguenos en Twitter: <a href=\"https:\/\/twitter.com\/MXFutbolTotal\" target=\"_blank\">@MXFutbolTotal<\/a><\/p>\n","protected":false},"excerpt":{"rendered":"<p>Un azulcrema se burl\u00f3 de la desgracia del Chaco y el Cruz Azul en pleno aeropuerto. <\/p>\n","protected":false},"author":20,"featured_media":472212,"comment_status":"closed","ping_status":"closed","sticky":false,"template":"","format":"standard","meta":[],"categories":[5419],"tags":[368],"_links":{"self":[{"href":"http:\/\/desarrollo.grupomedios.com\/futbol\/wp-json\/wp\/v2\/posts\/472208"}],"collection":[{"href":"http:\/\/desarrollo.grupomedios.com\/futbol\/wp-json\/wp\/v2\/posts"}],"about":[{"href":"http:\/\/desarrollo.grupomedios.com\/futbol\/wp-json\/wp\/v2\/types\/post"}],"author":[{"embeddable":true,"href":"http:\/\/desarrollo.grupomedios.com\/futbol\/wp-json\/wp\/v2\/users\/20"}],"replies":[{"embeddable":true,"href":"http:\/\/desarrollo.grupomedios.com\/futbol\/wp-json\/wp\/v2\/comments?post=472208"}],"version-history":[{"count":1,"href":"http:\/\/desarrollo.grupomedios.com\/futbol\/wp-json\/wp\/v2\/posts\/472208\/revisions"}],"predecessor-version":[{"id":472214,"href":"http:\/\/desarrollo.grupomedios.com\/futbol\/wp-json\/wp\/v2\/posts\/472208\/revisions\/472214"}],"wp:featuredmedia":[{"embeddable":true,"href":"http:\/\/desarrollo.grupomedios.com\/futbol\/wp-json\/wp\/v2\/media\/472212"}],"wp:attachment":[{"href":"http:\/\/desarrollo.grupomedios.com\/futbol\/wp-json\/wp\/v2\/media?parent=472208"}],"wp:term":[{"taxonomy":"category","embeddable":true,"href":"http:\/\/desarrollo.grupomedios.com\/futbol\/wp-json\/wp\/v2\/categories?post=472208"},{"taxonomy":"post_tag","embeddable":true,"href":"http:\/\/desarrollo.grupomedios.com\/futbol\/wp-json\/wp\/v2\/tags?post=472208"}],"curies":[{"name":"wp","href":"https:\/\/api.w.org\/{rel}","templated":true}]}}