{"id":472231,"date":"2017-04-05T16:36:45","date_gmt":"2017-04-05T21:36:45","guid":{"rendered":"https:\/\/www.futboltotal.com.mx\/?p=472231"},"modified":"2017-04-05T16:44:22","modified_gmt":"2017-04-05T21:44:22","slug":"ochoa-ataja-penal-granada","status":"publish","type":"post","link":"http:\/\/desarrollo.grupomedios.com\/futbol\/videos\/ochoa-ataja-penal-granada\/2017\/04","title":{"rendered":"Ochoa ataj\u00f3 penal y evit\u00f3 la derrota del Granada"},"content":{"rendered":"<p>El mexicano<strong> Guillermo Ochoa<\/strong> volvi\u00f3 a ser factor con el Granada luego de que detuviera un penal en el partido ante el Deportivo La Coru\u00f1a, en la Jornada 30 de la Liga de Espa\u00f1a.<\/p>\n<p><em>Paco Memo<\/em> se visti\u00f3 de h\u00e9roe en el minuto 77&#8242; cuando detuvo el penal al jugador del Deportivo, Celso Borges. As\u00ed lo celebr\u00f3 la cuenta de Twitter del Granada.<\/p>\n<blockquote class=\"twitter-video\" data-lang=\"es\">\n<p dir=\"ltr\" lang=\"es\">As\u00ed la atajada de Ochoa. <a href=\"https:\/\/t.co\/Y7Xx7S9JUS\">pic.twitter.com\/Y7Xx7S9JUS<\/a><\/p>\n<p>\u2014 Marco Vargas (@MarcoVargas) <a href=\"https:\/\/twitter.com\/MarcoVargas\/status\/849718458279440386\">5 de abril de 2017<\/a><\/p><\/blockquote>\n<p><script async src=\"\/\/platform.twitter.com\/widgets.js\" charset=\"utf-8\"><\/script><\/p>\n<p><iframe loading=\"lazy\" src=\"https:\/\/www.youtube.com\/embed\/KL3slU-_i-s?feature=oembed\" frameborder=\"0\" allowfullscreen><\/iframe><\/p>\n<p>Como ha sido en muchos partidos, Ochoa fue uno de los m\u00e1s regulares de su equipo y esta vez evit\u00f3 la derrota, pues a 15 minutos del final pudo ayudar a que el Granada no perdiera otra vez.<\/p>\n<blockquote class=\"twitter-tweet\" data-lang=\"es\">\n<p dir=\"ltr\" lang=\"es\">\u23f1\ufe0f 77&#8242; | 0\u20e3-0\u20e3 | \u00a1PAR\u00d3 PAR\u00d3 PAR\u00d3 PAR\u00d3 PAR\u00d3 PAR\u00d3 PAR\u00d3 PAR\u00d3 PAR\u00d3 <a href=\"https:\/\/twitter.com\/yosoy8a\">@yosoy8a<\/a>! \u00a1EL SALVADORRRRRRRR OCHOA! <a href=\"https:\/\/twitter.com\/hashtag\/D%C3%A9porGranada?src=hash\">#D\u00e9porGranada<\/a> <a href=\"https:\/\/t.co\/df7yNWgU6G\">pic.twitter.com\/df7yNWgU6G<\/a><\/p>\n<p>\u2014 Granada C.F. (@GranadaCdeF) <a href=\"https:\/\/twitter.com\/GranadaCdeF\/status\/849714434276720642\">5 de abril de 2017<\/a><\/p><\/blockquote>\n<p><script async src=\"\/\/platform.twitter.com\/widgets.js\" charset=\"utf-8\"><\/script><\/p>\n","protected":false},"excerpt":{"rendered":"<p>El mexicano volvi\u00f3 a ser el m\u00e1s destacado de su equipo.<\/p>\n","protected":false},"author":20,"featured_media":472263,"comment_status":"closed","ping_status":"closed","sticky":false,"template":"","format":"standard","meta":[],"categories":[5,3839,4],"tags":[700,2027],"_links":{"self":[{"href":"http:\/\/desarrollo.grupomedios.com\/futbol\/wp-json\/wp\/v2\/posts\/472231"}],"collection":[{"href":"http:\/\/desarrollo.grupomedios.com\/futbol\/wp-json\/wp\/v2\/posts"}],"about":[{"href":"http:\/\/desarrollo.grupomedios.com\/futbol\/wp-json\/wp\/v2\/types\/post"}],"author":[{"embeddable":true,"href":"http:\/\/desarrollo.grupomedios.com\/futbol\/wp-json\/wp\/v2\/users\/20"}],"replies":[{"embeddable":true,"href":"http:\/\/desarrollo.grupomedios.com\/futbol\/wp-json\/wp\/v2\/comments?post=472231"}],"version-history":[{"count":2,"href":"http:\/\/desarrollo.grupomedios.com\/futbol\/wp-json\/wp\/v2\/posts\/472231\/revisions"}],"predecessor-version":[{"id":472264,"href":"http:\/\/desarrollo.grupomedios.com\/futbol\/wp-json\/wp\/v2\/posts\/472231\/revisions\/472264"}],"wp:featuredmedia":[{"embeddable":true,"href":"http:\/\/desarrollo.grupomedios.com\/futbol\/wp-json\/wp\/v2\/media\/472263"}],"wp:attachment":[{"href":"http:\/\/desarrollo.grupomedios.com\/futbol\/wp-json\/wp\/v2\/media?parent=472231"}],"wp:term":[{"taxonomy":"category","embeddable":true,"href":"http:\/\/desarrollo.grupomedios.com\/futbol\/wp-json\/wp\/v2\/categories?post=472231"},{"taxonomy":"post_tag","embeddable":true,"href":"http:\/\/desarrollo.grupomedios.com\/futbol\/wp-json\/wp\/v2\/tags?post=472231"}],"curies":[{"name":"wp","href":"https:\/\/api.w.org\/{rel}","templated":true}]}}