{"id":472311,"date":"2017-04-06T11:13:42","date_gmt":"2017-04-06T16:13:42","guid":{"rendered":"https:\/\/www.futboltotal.com.mx\/?p=472311"},"modified":"2017-04-06T11:13:42","modified_gmt":"2017-04-06T16:13:42","slug":"te-acuerdas-de-la-pelea-entre-morelia-y-cruz-azul","status":"publish","type":"post","link":"http:\/\/desarrollo.grupomedios.com\/futbol\/futbol-mexicano\/te-acuerdas-de-la-pelea-entre-morelia-y-cruz-azul\/2017\/04","title":{"rendered":"\u00bfTe acuerdas de&#8230; la pelea entre Morelia y Cruz Azul?"},"content":{"rendered":"<p>La primera semana de abril trajo un cruce interesante en el futbol mexicano, pues en cuesti\u00f3n de unos d\u00edas, <strong>Morelia<\/strong> y <strong>Cruz Azul<\/strong> se enfrentar\u00e1n dos veces; en la primera, <em>Monarcas<\/em> se llev\u00f3 la victoria para eliminar a la <em>M\u00e1quina<\/em> de la Copa MX, en la segunda, correspondiente a la jornada 13 del Clausura 2017, los <em>Cementeros<\/em> tendr\u00e1n la oportunidad de revancha, o al contrario, podr\u00edan terminar sus aspiraciones de Liguilla, a manos del cuadro <em>pur\u00e9pecha<\/em>.<\/p>\n<p>Lo curioso es que hace casi seis a\u00f1os, <strong>Morelia<\/strong> y <strong>Cruz Azul<\/strong> se enfrentaron dos veces en una misma semana, para las Semifinales del Clausura 2011, donde el cuadro michoacano era dirigido por Tom\u00e1s Boy, mientras que la M\u00e1quina era comandada por Enrique Meza; cabe destacar que ambos directores t\u00e9cnicos fueron cesados recientemente, del equipo rival respecto a aquella noche.<\/p>\n<p>Lo m\u00e1s sobresaliente de ese juego no fue la eliminaci\u00f3n de <strong>Cruz Azul<\/strong> a manos de <em>Monarcas<\/em>, sino el cierre de la serie que se dio con una bronca de la que hubo serias consecuencias, principalmente, para Jos\u00e9 de Jes\u00fas Corona.<\/p>\n<p style=\"text-align: center;\"><span style=\"color: #3366ff;\"><a style=\"color: #3366ff;\" href=\"https:\/\/www.futboltotal.com.mx\/2017\/04\/resultados-semifinales-copa-mx-morelia-vs-cruz-azul-monterrey-vs-chivas\/\" target=\"_blank\"><strong>LEER M\u00c1S: Se define la final de la Copa MX<\/strong><\/a><\/span><\/p>\n<p><script type=\"text\/javascript\" src=\"\/\/cdn.playbuzz.com\/widget\/feed.js\"><\/script><\/p>\n<div class=\"pb_feed\" data-embed-by=\"d43f3879-83ed-40bc-99d7-fde80605466f\" data-item=\"a746dc27-7012-4d51-8667-e34ced2455ae\" data-recommend=\"false\" data-game-info=\"false\" data-comments=\"false\" data-version=\"2\"><\/div>\n<p><strong>S\u00edguenos en Twitter<\/strong>: <a href=\"https:\/\/twitter.com\/MXFutbolTotal\" target=\"_blank\">@MXFutbolTotal<\/a><\/p>\n","protected":false},"excerpt":{"rendered":"<p>Hace seis a\u00f1os Monarcas y Cementeros se enfrentaron dos veces en una semana, con este resultado&#8230;<\/p>\n","protected":false},"author":20,"featured_media":472312,"comment_status":"closed","ping_status":"closed","sticky":false,"template":"","format":"standard","meta":[],"categories":[7570,2198,3845],"tags":[5962,5967],"_links":{"self":[{"href":"http:\/\/desarrollo.grupomedios.com\/futbol\/wp-json\/wp\/v2\/posts\/472311"}],"collection":[{"href":"http:\/\/desarrollo.grupomedios.com\/futbol\/wp-json\/wp\/v2\/posts"}],"about":[{"href":"http:\/\/desarrollo.grupomedios.com\/futbol\/wp-json\/wp\/v2\/types\/post"}],"author":[{"embeddable":true,"href":"http:\/\/desarrollo.grupomedios.com\/futbol\/wp-json\/wp\/v2\/users\/20"}],"replies":[{"embeddable":true,"href":"http:\/\/desarrollo.grupomedios.com\/futbol\/wp-json\/wp\/v2\/comments?post=472311"}],"version-history":[{"count":5,"href":"http:\/\/desarrollo.grupomedios.com\/futbol\/wp-json\/wp\/v2\/posts\/472311\/revisions"}],"predecessor-version":[{"id":507898,"href":"http:\/\/desarrollo.grupomedios.com\/futbol\/wp-json\/wp\/v2\/posts\/472311\/revisions\/507898"}],"wp:featuredmedia":[{"embeddable":true,"href":"http:\/\/desarrollo.grupomedios.com\/futbol\/wp-json\/wp\/v2\/media\/472312"}],"wp:attachment":[{"href":"http:\/\/desarrollo.grupomedios.com\/futbol\/wp-json\/wp\/v2\/media?parent=472311"}],"wp:term":[{"taxonomy":"category","embeddable":true,"href":"http:\/\/desarrollo.grupomedios.com\/futbol\/wp-json\/wp\/v2\/categories?post=472311"},{"taxonomy":"post_tag","embeddable":true,"href":"http:\/\/desarrollo.grupomedios.com\/futbol\/wp-json\/wp\/v2\/tags?post=472311"}],"curies":[{"name":"wp","href":"https:\/\/api.w.org\/{rel}","templated":true}]}}