{"id":472331,"date":"2017-04-06T09:14:09","date_gmt":"2017-04-06T14:14:09","guid":{"rendered":"https:\/\/www.futboltotal.com.mx\/?p=472331"},"modified":"2017-04-06T09:14:09","modified_gmt":"2017-04-06T14:14:09","slug":"final-copa-mx-sera-transmitida-chivas-tv","status":"publish","type":"post","link":"http:\/\/desarrollo.grupomedios.com\/futbol\/destacado-home\/final-copa-mx-sera-transmitida-chivas-tv\/2017\/04","title":{"rendered":"Final de Copa MX solo ser\u00e1 transmitida por Chivas TV"},"content":{"rendered":"<p>Las <strong>Chivas<\/strong> se salieron con la suya. Despu\u00e9s de haber remontado y eliminado al Monterrey en las Semifinales de Copa MX, el club ahora disputar\u00e1 su segunda final bajo el actual formato y lo har\u00e1 en el Estadio Omnilife, por lo que el partido solo ser\u00e1 trasmitido por <em>Chivas TV.\u00a0<\/em><\/p>\n<p>Tal y como advirti\u00f3 anteriormente el CEO de <strong>Chivas<\/strong>, Jos\u00e9 Luis Higuera, el club no estar\u00eda dispuesto a compartir la se\u00f1al con las televisoras abiertas en caso de llegar a la gran final. El <em>Reba\u00f1o\u00a0<\/em>confirm\u00f3 que el cotejo, cuya fecha y horario se definir\u00e1 este jueves, solo podr\u00e1 verse a trav\u00e9s de su plataforma digital.<\/p>\n<p style=\"text-align: center;\"><span style=\"color: #3366ff;\">VER M\u00c1S: Todas las noticias de futbol mexicano<\/span><\/p>\n<p>La gran final por el t\u00edtulo de la Copa MX en su edici\u00f3n Clausura 2017, enfrentar\u00e1 a las escuadras de Guadalajara y Morelia , en partido que se llevar\u00e1 a cabo en el estadio Chivas, en fecha por definirse.<\/p>\n<blockquote class=\"twitter-tweet\" data-lang=\"es\">\n<p dir=\"ltr\" lang=\"en\">Pssst, pssst &#x1f60e; <a href=\"https:\/\/t.co\/CKOH4ijzig\">pic.twitter.com\/CKOH4ijzig<\/a><\/p>\n<p>\u2014 ChivasTV (@chivastvmx) <a href=\"https:\/\/twitter.com\/chivastvmx\/status\/849832590802657284\">6 de abril de 2017<\/a><\/p><\/blockquote>\n<p><script async src=\"\/\/platform.twitter.com\/widgets.js\" charset=\"utf-8\"><\/script><\/p>\n<p>Las <strong>Chivas<\/strong> se medir\u00e1n a Morelia en una final\u00edsima in\u00e9dita bajo el actual\u00a0formato de la justa copera, en el que el Reba\u00f1o podr\u00eda lograr un doblete in\u00e9dito, si es que consigue este t\u00edtulo y adem\u00e1s logra ser campe\u00f3n de liga.<\/p>\n<p><strong>S\u00edguenos en Twitter<\/strong>: <a href=\"http:\/\/www.twitter.com\/MXFutbolTotal\" target=\"_blank\">@MXFutbolTotal<\/a><\/p>\n","protected":false},"excerpt":{"rendered":"<p>El Reba\u00f1o no compartir\u00e1 la se\u00f1al con ninguna televisora abierta, como s\u00ed lo hicieron otros equipos en las semifinales de la justa. <\/p>\n","protected":false},"author":20,"featured_media":472332,"comment_status":"closed","ping_status":"closed","sticky":false,"template":"","format":"standard","meta":[],"categories":[4247,5,2198],"tags":[7110],"_links":{"self":[{"href":"http:\/\/desarrollo.grupomedios.com\/futbol\/wp-json\/wp\/v2\/posts\/472331"}],"collection":[{"href":"http:\/\/desarrollo.grupomedios.com\/futbol\/wp-json\/wp\/v2\/posts"}],"about":[{"href":"http:\/\/desarrollo.grupomedios.com\/futbol\/wp-json\/wp\/v2\/types\/post"}],"author":[{"embeddable":true,"href":"http:\/\/desarrollo.grupomedios.com\/futbol\/wp-json\/wp\/v2\/users\/20"}],"replies":[{"embeddable":true,"href":"http:\/\/desarrollo.grupomedios.com\/futbol\/wp-json\/wp\/v2\/comments?post=472331"}],"version-history":[{"count":2,"href":"http:\/\/desarrollo.grupomedios.com\/futbol\/wp-json\/wp\/v2\/posts\/472331\/revisions"}],"predecessor-version":[{"id":472336,"href":"http:\/\/desarrollo.grupomedios.com\/futbol\/wp-json\/wp\/v2\/posts\/472331\/revisions\/472336"}],"wp:featuredmedia":[{"embeddable":true,"href":"http:\/\/desarrollo.grupomedios.com\/futbol\/wp-json\/wp\/v2\/media\/472332"}],"wp:attachment":[{"href":"http:\/\/desarrollo.grupomedios.com\/futbol\/wp-json\/wp\/v2\/media?parent=472331"}],"wp:term":[{"taxonomy":"category","embeddable":true,"href":"http:\/\/desarrollo.grupomedios.com\/futbol\/wp-json\/wp\/v2\/categories?post=472331"},{"taxonomy":"post_tag","embeddable":true,"href":"http:\/\/desarrollo.grupomedios.com\/futbol\/wp-json\/wp\/v2\/tags?post=472331"}],"curies":[{"name":"wp","href":"https:\/\/api.w.org\/{rel}","templated":true}]}}