{"id":472396,"date":"2017-04-06T16:40:29","date_gmt":"2017-04-06T21:40:29","guid":{"rendered":"https:\/\/www.futboltotal.com.mx\/?p=472396"},"modified":"2017-04-06T17:31:16","modified_gmt":"2017-04-06T22:31:16","slug":"por-que-el-piojo-deberia-regresar-al-america","status":"publish","type":"post","link":"http:\/\/desarrollo.grupomedios.com\/futbol\/destacado-home\/por-que-el-piojo-deberia-regresar-al-america\/2017\/04","title":{"rendered":"\u00bfPor qu\u00e9 el &#8216;Piojo&#8217; deber\u00eda regresar al Am\u00e9rica?"},"content":{"rendered":"<p>El <strong>Am\u00e9rica<\/strong> ha tenido un complicado Clausura 2017. Quiz\u00e1 es el torneo m\u00e1s dif\u00edcil desde el Apertura 2011, cuando el club era dirigido por Carlos Reynoso y se qued\u00f3 por \u00faltima vez sin calificar a la Liguilla.<\/p>\n<p>La ola de lesiones ha cobrado factura. Pero m\u00e1s all\u00e1 de ello, la gesti\u00f3n del entrenador Ricardo La Volpe no termina por convencer, y mucho menos a la afici\u00f3n <em>azulcrema, <\/em>que ha dejado de acudir al estadio Azteca y cuando lo hace apenas escucha el nombre del argentino lanza una rechifla estremecedora.<\/p>\n<p style=\"text-align: center;\"><a href=\"https:\/\/www.futboltotal.com.mx\/futbol-mexicano\/\"><span style=\"color: #3366ff;\">VER M\u00c1S: Todas las noticias de futbol mexicano<\/span><\/a><\/p>\n<p>[video_player]https:\/\/player.vimeo.com\/external\/212163912.hd.mp4?s=f5bf1a7f77f967576b9ef0d080b57546a99c19e5&amp;profile_id=174[\/video_player]<\/p>\n<p>A falta de ver la mejor versi\u00f3n de <strong>Am\u00e9rica<\/strong>, y de ver a un equipo\u00a0inconsistente que no cuenta partidos por victorias y sortea tropiezos y dificultades, el nombre del timonel <strong>Miguel Herrera<\/strong> ha sido colocado en m\u00e1s de una ocasi\u00f3n con un eventual regreso a Coapa. Aunque el timonel neg\u00f3 que tuviese acercamientos con la directiva<em> azulcrema\u00a0<\/em>no es descabellado pensar que para el pr\u00f3ximo semestre vuelva a la que fue su casa por dos a\u00f1os y en la que logr\u00f3 su primer t\u00edtulo de liga.<\/p>\n<p>A la distancia, el\u00a0<em>Piojo <\/em>tiene bonos a favor, porque si algo ha demostrado es su capacidad para hacer del Am\u00e9rica un equipo netamente ganador. A <em>Xolos <\/em>lo tiene metido de lleno en la pelea por la Liguilla y a todo Tijuana con la ilusi\u00f3n de ser campe\u00f3n. Algo parecido necesita el Am\u00e9rica, que al t\u00e9rmino de este semestre definir\u00e1 la continuidad de La Volpe o elegir\u00e1 su reemplazo.<\/p>\n<p><span style=\"color: #3366ff;\"><strong>S\u00edguenos en Twitter<\/strong>: <a style=\"color: #3366ff;\" href=\"http:\/\/www.twitter.com\/MXFutbolTotal\" target=\"_blank\">@MXFutbolTotal<\/a><\/span><\/p>\n","protected":false},"excerpt":{"rendered":"<p>Por su pasado y por la gesti\u00f3n que ha tenido con Xolos, Herrera podr\u00eda ser el recambio de La Volpe. <\/p>\n","protected":false},"author":20,"featured_media":472474,"comment_status":"closed","ping_status":"closed","sticky":false,"template":"","format":"standard","meta":[],"categories":[5,2198,3845],"tags":[5959,255,5974],"_links":{"self":[{"href":"http:\/\/desarrollo.grupomedios.com\/futbol\/wp-json\/wp\/v2\/posts\/472396"}],"collection":[{"href":"http:\/\/desarrollo.grupomedios.com\/futbol\/wp-json\/wp\/v2\/posts"}],"about":[{"href":"http:\/\/desarrollo.grupomedios.com\/futbol\/wp-json\/wp\/v2\/types\/post"}],"author":[{"embeddable":true,"href":"http:\/\/desarrollo.grupomedios.com\/futbol\/wp-json\/wp\/v2\/users\/20"}],"replies":[{"embeddable":true,"href":"http:\/\/desarrollo.grupomedios.com\/futbol\/wp-json\/wp\/v2\/comments?post=472396"}],"version-history":[{"count":5,"href":"http:\/\/desarrollo.grupomedios.com\/futbol\/wp-json\/wp\/v2\/posts\/472396\/revisions"}],"predecessor-version":[{"id":472515,"href":"http:\/\/desarrollo.grupomedios.com\/futbol\/wp-json\/wp\/v2\/posts\/472396\/revisions\/472515"}],"wp:featuredmedia":[{"embeddable":true,"href":"http:\/\/desarrollo.grupomedios.com\/futbol\/wp-json\/wp\/v2\/media\/472474"}],"wp:attachment":[{"href":"http:\/\/desarrollo.grupomedios.com\/futbol\/wp-json\/wp\/v2\/media?parent=472396"}],"wp:term":[{"taxonomy":"category","embeddable":true,"href":"http:\/\/desarrollo.grupomedios.com\/futbol\/wp-json\/wp\/v2\/categories?post=472396"},{"taxonomy":"post_tag","embeddable":true,"href":"http:\/\/desarrollo.grupomedios.com\/futbol\/wp-json\/wp\/v2\/tags?post=472396"}],"curies":[{"name":"wp","href":"https:\/\/api.w.org\/{rel}","templated":true}]}}