{"id":472455,"date":"2017-04-06T11:51:31","date_gmt":"2017-04-06T16:51:31","guid":{"rendered":"https:\/\/www.futboltotal.com.mx\/?p=472455"},"modified":"2017-04-06T14:42:48","modified_gmt":"2017-04-06T19:42:48","slug":"futbolistas-han-jugado-america-tijuana","status":"publish","type":"post","link":"http:\/\/desarrollo.grupomedios.com\/futbol\/destacado-home\/futbolistas-han-jugado-america-tijuana\/2017\/04","title":{"rendered":"Futbolistas que han jugado para Am\u00e9rica y Tijuana"},"content":{"rendered":"<p>Este viernes, en el arranque de la Jornada 13 del Clausura 2017 de la Liga MX, se enfrentar\u00e1n Tijuana y Am\u00e9rica en la cancha del estadio Caliente, en un partido donde resalta el duelo de los de Miguel Herrera y otros jugadores ante sus ex equipos.<\/p>\n<p>Desde el Piojo Herrera en la direcci\u00f3n t\u00e9cnica hasta otros como Pablo Aguilar y Javier Guemez, varios son los jugadores que en los \u00faltimos a\u00f1os han vestido las camisetas de ambos equipo. Por tal motivo es que en Futbol Total los recordamos.<\/p>\n<p style=\"text-align: center;\"><span style=\"color: #3366ff;\"><a style=\"color: #3366ff;\" href=\"https:\/\/www.futboltotal.com.mx\/2017\/04\/cruz-azul-ha-perdido-en-9-anos-5-millones-fanaticos\/\">LEER M\u00c1S: Cruz Azul ha perdido en 9 a\u00f1os\u2026 \u00a15 millones de fan\u00e1ticos!<\/a><\/span><\/p>\n<p>[video_player]https:\/\/player.vimeo.com\/external\/212132948.hd.mp4?s=17cd7682b0dfab909a298a90424c551dde655cbd&amp;profile_id=174[\/video_player]<\/p>\n","protected":false},"excerpt":{"rendered":"<p>Estos jugadores pasaron un tiempo en ambos clubes.<\/p>\n","protected":false},"author":20,"featured_media":472456,"comment_status":"closed","ping_status":"closed","sticky":false,"template":"","format":"standard","meta":[],"categories":[5,2198,3845],"tags":[5959,64,5974],"_links":{"self":[{"href":"http:\/\/desarrollo.grupomedios.com\/futbol\/wp-json\/wp\/v2\/posts\/472455"}],"collection":[{"href":"http:\/\/desarrollo.grupomedios.com\/futbol\/wp-json\/wp\/v2\/posts"}],"about":[{"href":"http:\/\/desarrollo.grupomedios.com\/futbol\/wp-json\/wp\/v2\/types\/post"}],"author":[{"embeddable":true,"href":"http:\/\/desarrollo.grupomedios.com\/futbol\/wp-json\/wp\/v2\/users\/20"}],"replies":[{"embeddable":true,"href":"http:\/\/desarrollo.grupomedios.com\/futbol\/wp-json\/wp\/v2\/comments?post=472455"}],"version-history":[{"count":1,"href":"http:\/\/desarrollo.grupomedios.com\/futbol\/wp-json\/wp\/v2\/posts\/472455\/revisions"}],"predecessor-version":[{"id":472457,"href":"http:\/\/desarrollo.grupomedios.com\/futbol\/wp-json\/wp\/v2\/posts\/472455\/revisions\/472457"}],"wp:featuredmedia":[{"embeddable":true,"href":"http:\/\/desarrollo.grupomedios.com\/futbol\/wp-json\/wp\/v2\/media\/472456"}],"wp:attachment":[{"href":"http:\/\/desarrollo.grupomedios.com\/futbol\/wp-json\/wp\/v2\/media?parent=472455"}],"wp:term":[{"taxonomy":"category","embeddable":true,"href":"http:\/\/desarrollo.grupomedios.com\/futbol\/wp-json\/wp\/v2\/categories?post=472455"},{"taxonomy":"post_tag","embeddable":true,"href":"http:\/\/desarrollo.grupomedios.com\/futbol\/wp-json\/wp\/v2\/tags?post=472455"}],"curies":[{"name":"wp","href":"https:\/\/api.w.org\/{rel}","templated":true}]}}