{"id":472461,"date":"2017-04-06T14:53:57","date_gmt":"2017-04-06T19:53:57","guid":{"rendered":"https:\/\/www.futboltotal.com.mx\/?p=472461"},"modified":"2017-04-06T14:53:57","modified_gmt":"2017-04-06T19:53:57","slug":"jose-luis-higuera-le-reclama-a-zague-error","status":"publish","type":"post","link":"http:\/\/desarrollo.grupomedios.com\/futbol\/futbol-mexicano\/jose-luis-higuera-le-reclama-a-zague-error\/2017\/04","title":{"rendered":"Jos\u00e9 Luis Higuera le reclama a Zague por error"},"content":{"rendered":"<p>El CEO de <strong>Chivas<\/strong> fue una vez m\u00e1s protagonista de una controversia, luego de que le reclamara a <strong>Zague<\/strong> por equivocaci\u00f3n, pues en realidad el ex del Am\u00e9rica no hab\u00eda dicho nada sobre <strong>Jos\u00e9 Luis Higuera<\/strong>, pero s\u00ed Francisco Gabriel de Anda, qui\u00e9n no tiene Twitter.<\/p>\n<p>Francisco Gabriel coment\u00f3 que <strong>Higuera<\/strong> &#8220;no era hombre de futbol&#8221; y que no ten\u00eda porque decir nada sobre el juego de semifinales, pues hab\u00eda mandado un mensaje al arbitraje en el que dec\u00eda que &#8220;esperaba que no hubiera cosas raras en el juego&#8221;.<\/p>\n<p style=\"text-align: center;\"><a href=\"https:\/\/www.futboltotal.com.mx\/2017\/04\/pietrasanta-llama-tvfrijolito-a-chivastv-e-higuera-responde\/\" target=\"_blank\">LEER M\u00c1S: Pietrasanta llama \u201cTVFrijolito\u201d a ChivasTV e Higuera responde<\/a><\/p>\n<p>Higuera respondi\u00f3 al ex futbolista diciendo: &#8220;Saludos a Luis Roberto <strong>Zague<\/strong>\u00a0gracias por sus comentarios, alg\u00fan d\u00eda tendr\u00e9 el privilegio de ser gente de f\u00fatbol&#8221;.<\/p>\n<blockquote class=\"twitter-tweet\" data-lang=\"es\">\n<p dir=\"ltr\" lang=\"es\">Saludos a <a href=\"https:\/\/twitter.com\/LRZague\">@LRZague<\/a> gracias por sus comentarios, algun d\u00eda tendre el privilegio de ser gente de f\u00fatbol &#x1f602;<a href=\"https:\/\/twitter.com\/futpicante\">@futpicante<\/a> <a href=\"https:\/\/t.co\/92FdBdgSNt\">https:\/\/t.co\/92FdBdgSNt<\/a><\/p>\n<p>\u2014 Jose Luis Higuera B. (@JLHB33) <a href=\"https:\/\/twitter.com\/JLHB33\/status\/849840017962921984\">6 de abril de 2017<\/a><\/p><\/blockquote>\n<p><script async src=\"\/\/platform.twitter.com\/widgets.js\" charset=\"utf-8\"><\/script><\/p>\n<p>Durante el programa exhibieron la equivocaci\u00f3n de Jos\u00e9 Luis Higuera y Zague respondi\u00f3: &#8220;As\u00ed son los de <strong>Chivas<\/strong>, tienen que alimentarse de los americanistas para sobrevivir&#8221;<\/p>\n<p><iframe loading=\"lazy\" src=\"https:\/\/www.youtube.com\/embed\/bhZeFG7Xz4M\" frameborder=\"0\" allowfullscreen=\"allowfullscreen\"><\/iframe><\/p>\n","protected":false},"excerpt":{"rendered":"<p>El CEO de Chivas cometi\u00f3 un error y fue exhibido.<\/p>\n","protected":false},"author":20,"featured_media":472469,"comment_status":"closed","ping_status":"closed","sticky":false,"template":"","format":"standard","meta":[],"categories":[5419,2198,3845],"tags":[70,8441,7479],"_links":{"self":[{"href":"http:\/\/desarrollo.grupomedios.com\/futbol\/wp-json\/wp\/v2\/posts\/472461"}],"collection":[{"href":"http:\/\/desarrollo.grupomedios.com\/futbol\/wp-json\/wp\/v2\/posts"}],"about":[{"href":"http:\/\/desarrollo.grupomedios.com\/futbol\/wp-json\/wp\/v2\/types\/post"}],"author":[{"embeddable":true,"href":"http:\/\/desarrollo.grupomedios.com\/futbol\/wp-json\/wp\/v2\/users\/20"}],"replies":[{"embeddable":true,"href":"http:\/\/desarrollo.grupomedios.com\/futbol\/wp-json\/wp\/v2\/comments?post=472461"}],"version-history":[{"count":1,"href":"http:\/\/desarrollo.grupomedios.com\/futbol\/wp-json\/wp\/v2\/posts\/472461\/revisions"}],"predecessor-version":[{"id":472471,"href":"http:\/\/desarrollo.grupomedios.com\/futbol\/wp-json\/wp\/v2\/posts\/472461\/revisions\/472471"}],"wp:featuredmedia":[{"embeddable":true,"href":"http:\/\/desarrollo.grupomedios.com\/futbol\/wp-json\/wp\/v2\/media\/472469"}],"wp:attachment":[{"href":"http:\/\/desarrollo.grupomedios.com\/futbol\/wp-json\/wp\/v2\/media?parent=472461"}],"wp:term":[{"taxonomy":"category","embeddable":true,"href":"http:\/\/desarrollo.grupomedios.com\/futbol\/wp-json\/wp\/v2\/categories?post=472461"},{"taxonomy":"post_tag","embeddable":true,"href":"http:\/\/desarrollo.grupomedios.com\/futbol\/wp-json\/wp\/v2\/tags?post=472461"}],"curies":[{"name":"wp","href":"https:\/\/api.w.org\/{rel}","templated":true}]}}