{"id":472509,"date":"2017-04-06T16:53:38","date_gmt":"2017-04-06T21:53:38","guid":{"rendered":"https:\/\/www.futboltotal.com.mx\/?p=472509"},"modified":"2017-04-06T16:53:38","modified_gmt":"2017-04-06T21:53:38","slug":"la-ligue-1-reconoce-y-felicita-a-andre-pierre-gignac","status":"publish","type":"post","link":"http:\/\/desarrollo.grupomedios.com\/futbol\/futbol-mexicano\/la-ligue-1-reconoce-y-felicita-a-andre-pierre-gignac\/2017\/04","title":{"rendered":"La Ligue 1 reconoce y felicita a Andr\u00e9-Pierre Gignac"},"content":{"rendered":"<p>Luego del pase a la final de <strong>Tigres<\/strong> en la Concachampions, la Ligue 1 de Francia felicit\u00f3 a <strong>Andr\u00e9-Pierre Gignac<\/strong> por el buen trabajo que ha hecho con el equipo mexicano, pues el colabor\u00f3 con un tanto para la victoria de ayer por la noche.<\/p>\n<blockquote><p>&#8220;\u00a1El ex Olympique de Maesella, Andr\u00e9-Pierre Gignac va por otro t\u00edtulo en el Tigres de M\u00e9xico! Est\u00e1n en la final de Concacaf Liga de Campeones&#8221;, se puede leer en el tuit.<\/p><\/blockquote>\n<p>&nbsp;<\/p>\n<blockquote class=\"twitter-tweet\" data-lang=\"es\">\n<p dir=\"ltr\" lang=\"es\">\u00a1El ex <a href=\"https:\/\/twitter.com\/OM_Espanol\">@OM_Espanol<\/a>, <a href=\"https:\/\/twitter.com\/10APG\">@10APG<\/a> va por otro t\u00edtulo en el <a href=\"https:\/\/twitter.com\/TigresOficial\">@TigresOficial<\/a> de M\u00e9xico!<\/p>\n<p>Est\u00e1n en la final de <a href=\"https:\/\/twitter.com\/TheChampions\">@TheChampions<\/a> &#x1f3c6;&#x1f44f;&#x1f3fc; <a href=\"https:\/\/t.co\/8yA4vX5kKe\">pic.twitter.com\/8yA4vX5kKe<\/a><\/p>\n<p>\u2014 Ligue 1 Espa\u00f1ol (@Ligue1_ESP) <a href=\"https:\/\/twitter.com\/Ligue1_ESP\/status\/849985055199854593\">6 de abril de 2017<\/a><\/p><\/blockquote>\n<p><script async src=\"\/\/platform.twitter.com\/widgets.js\" charset=\"utf-8\"><\/script><\/p>\n<p>Los Felinos se medir\u00e1n ante Pachuca en la final para ver qu\u00e9 equipo va al Mundial de Clubes.<\/p>\n","protected":false},"excerpt":{"rendered":"<p>El franc\u00e9s fue felicitado por la liga de su pa\u00eds. <\/p>\n","protected":false},"author":20,"featured_media":472511,"comment_status":"closed","ping_status":"closed","sticky":false,"template":"","format":"standard","meta":[],"categories":[5419,5398,3839,2198],"tags":[5564,408,5973],"_links":{"self":[{"href":"http:\/\/desarrollo.grupomedios.com\/futbol\/wp-json\/wp\/v2\/posts\/472509"}],"collection":[{"href":"http:\/\/desarrollo.grupomedios.com\/futbol\/wp-json\/wp\/v2\/posts"}],"about":[{"href":"http:\/\/desarrollo.grupomedios.com\/futbol\/wp-json\/wp\/v2\/types\/post"}],"author":[{"embeddable":true,"href":"http:\/\/desarrollo.grupomedios.com\/futbol\/wp-json\/wp\/v2\/users\/20"}],"replies":[{"embeddable":true,"href":"http:\/\/desarrollo.grupomedios.com\/futbol\/wp-json\/wp\/v2\/comments?post=472509"}],"version-history":[{"count":2,"href":"http:\/\/desarrollo.grupomedios.com\/futbol\/wp-json\/wp\/v2\/posts\/472509\/revisions"}],"predecessor-version":[{"id":472512,"href":"http:\/\/desarrollo.grupomedios.com\/futbol\/wp-json\/wp\/v2\/posts\/472509\/revisions\/472512"}],"wp:featuredmedia":[{"embeddable":true,"href":"http:\/\/desarrollo.grupomedios.com\/futbol\/wp-json\/wp\/v2\/media\/472511"}],"wp:attachment":[{"href":"http:\/\/desarrollo.grupomedios.com\/futbol\/wp-json\/wp\/v2\/media?parent=472509"}],"wp:term":[{"taxonomy":"category","embeddable":true,"href":"http:\/\/desarrollo.grupomedios.com\/futbol\/wp-json\/wp\/v2\/categories?post=472509"},{"taxonomy":"post_tag","embeddable":true,"href":"http:\/\/desarrollo.grupomedios.com\/futbol\/wp-json\/wp\/v2\/tags?post=472509"}],"curies":[{"name":"wp","href":"https:\/\/api.w.org\/{rel}","templated":true}]}}