{"id":472523,"date":"2017-04-06T19:32:45","date_gmt":"2017-04-07T00:32:45","guid":{"rendered":"https:\/\/www.futboltotal.com.mx\/?p=472523"},"modified":"2017-04-06T19:32:45","modified_gmt":"2017-04-07T00:32:45","slug":"anuncian-cuando-sera-regreso-paul-aguilar","status":"publish","type":"post","link":"http:\/\/desarrollo.grupomedios.com\/futbol\/futbol-mexicano\/anuncian-cuando-sera-regreso-paul-aguilar\/2017\/04","title":{"rendered":"Anuncian cu\u00e1ndo ser\u00e1 el regreso de Paul Aguilar"},"content":{"rendered":"<p><strong>Am\u00e9rica<\/strong> ya se encuentra en Tijuana para enfrentar al cuadro de Miguel Herrera en lo que ser\u00e1 el juego m\u00e1s atractivo de la jornada. El cuadro de las \u00c1guilas viajaron sin <strong>Miguel Samudio, Darwin Quintero y Paul Aguilar.<\/strong><\/p>\n<p><strong>Ricardo Pel\u00e1ez<\/strong> coment\u00f3 que <strong>Paul<\/strong> ya se encuentra listo para regresar a la acci\u00f3n y podr\u00e1 reaparecer ante el Necaxa.<\/p>\n<blockquote><p><strong>&#8220;Paul Aguilar <\/strong>no viaja pero ya est\u00e1 para el mi\u00e9rcoles, seguro&#8221;, aclar\u00f3 el director deportivo.<\/p><\/blockquote>\n<p>Am\u00e9rica se encuentra en una necesidad muy grande por falta de jugadores, es por eso que han recurrido a la cantera para que forme parte del equipo en el juego ante Xolos.<\/p>\n<blockquote><p>&#8220;Traemos varios chavos, en la banca habr\u00e1 m\u00e1s. Est\u00e1n haciendo bien las cosas y ojal\u00e1 aprovechen. Lo importante es cerrar bien, estamos en zona de clasificaci\u00f3n&#8221;exclam\u00f3 Ricardo.<\/p><\/blockquote>\n<p>&nbsp;<\/p>\n","protected":false},"excerpt":{"rendered":"<p>Las \u00c1guilas ya contar\u00e1n con su lateral derecho. <\/p>\n","protected":false},"author":20,"featured_media":472528,"comment_status":"closed","ping_status":"closed","sticky":false,"template":"","format":"standard","meta":[],"categories":[2198,3845],"tags":[5959,216,349],"_links":{"self":[{"href":"http:\/\/desarrollo.grupomedios.com\/futbol\/wp-json\/wp\/v2\/posts\/472523"}],"collection":[{"href":"http:\/\/desarrollo.grupomedios.com\/futbol\/wp-json\/wp\/v2\/posts"}],"about":[{"href":"http:\/\/desarrollo.grupomedios.com\/futbol\/wp-json\/wp\/v2\/types\/post"}],"author":[{"embeddable":true,"href":"http:\/\/desarrollo.grupomedios.com\/futbol\/wp-json\/wp\/v2\/users\/20"}],"replies":[{"embeddable":true,"href":"http:\/\/desarrollo.grupomedios.com\/futbol\/wp-json\/wp\/v2\/comments?post=472523"}],"version-history":[{"count":1,"href":"http:\/\/desarrollo.grupomedios.com\/futbol\/wp-json\/wp\/v2\/posts\/472523\/revisions"}],"predecessor-version":[{"id":472529,"href":"http:\/\/desarrollo.grupomedios.com\/futbol\/wp-json\/wp\/v2\/posts\/472523\/revisions\/472529"}],"wp:featuredmedia":[{"embeddable":true,"href":"http:\/\/desarrollo.grupomedios.com\/futbol\/wp-json\/wp\/v2\/media\/472528"}],"wp:attachment":[{"href":"http:\/\/desarrollo.grupomedios.com\/futbol\/wp-json\/wp\/v2\/media?parent=472523"}],"wp:term":[{"taxonomy":"category","embeddable":true,"href":"http:\/\/desarrollo.grupomedios.com\/futbol\/wp-json\/wp\/v2\/categories?post=472523"},{"taxonomy":"post_tag","embeddable":true,"href":"http:\/\/desarrollo.grupomedios.com\/futbol\/wp-json\/wp\/v2\/tags?post=472523"}],"curies":[{"name":"wp","href":"https:\/\/api.w.org\/{rel}","templated":true}]}}