{"id":472571,"date":"2017-04-07T10:10:57","date_gmt":"2017-04-07T15:10:57","guid":{"rendered":"https:\/\/www.futboltotal.com.mx\/?p=472571"},"modified":"2017-04-07T10:10:57","modified_gmt":"2017-04-07T15:10:57","slug":"shakira-lanza-cancion-dedicada-a-gerard-pique","status":"publish","type":"post","link":"http:\/\/desarrollo.grupomedios.com\/futbol\/videos\/shakira-lanza-cancion-dedicada-a-gerard-pique\/2017\/04","title":{"rendered":"Shakira lanza canci\u00f3n dedicada a Gerard Piqu\u00e9"},"content":{"rendered":"<p>La cantante colombiana Shakira, ha lanzado su nueva canci\u00f3n llamada \u00a0&#8220;Me enamor\u00e9&#8221; y est\u00e1 dedicada a su pareja y padre de sus dos hijos, Gerard Piqu\u00e9.<\/p>\n<p>En el video de la canci\u00f3n aparecen dibujos del jugador del Barcelona y en la letra tiene frases como &#8220;La vida me empez\u00f3 a cambiar la noche que te conoc\u00ed&#8221; y hace referencia a la apariencia del jugador con un &#8220;Me gusta esa barbita&#8221;.<\/p>\n<p>&#8220;Esta canci\u00f3n narra un momento de mi vida en el que estaba tan enamorada que literalmente estaba escalando \u00e1rboles&#8221;,<strong>\u00a0<\/strong> ha escrito Shakira a sus fans cuando la present\u00f3.<\/p>\n<p style=\"text-align: center;\"><span style=\"color: #3366ff;\"><a style=\"color: #3366ff;\" href=\"https:\/\/www.futboltotal.com.mx\/2017\/04\/recogebalones-finge-agredido-futbolista\/\">LEER M\u00c1S: Recogebalones finge ser agredido por futbolista<\/a><\/span><\/p>\n<p><iframe loading=\"lazy\" src=\"https:\/\/www.youtube.com\/embed\/T0ivG4Ew-Lk\" frameborder=\"0\" allowfullscreen><\/iframe><\/p>\n","protected":false},"excerpt":{"rendered":"<p>Shakira dedic\u00f3 su nueva canci\u00f3n al jugador del Barcelona.<\/p>\n","protected":false},"author":20,"featured_media":472574,"comment_status":"closed","ping_status":"closed","sticky":false,"template":"","format":"standard","meta":[],"categories":[5419,3839,4],"tags":[5984,841],"_links":{"self":[{"href":"http:\/\/desarrollo.grupomedios.com\/futbol\/wp-json\/wp\/v2\/posts\/472571"}],"collection":[{"href":"http:\/\/desarrollo.grupomedios.com\/futbol\/wp-json\/wp\/v2\/posts"}],"about":[{"href":"http:\/\/desarrollo.grupomedios.com\/futbol\/wp-json\/wp\/v2\/types\/post"}],"author":[{"embeddable":true,"href":"http:\/\/desarrollo.grupomedios.com\/futbol\/wp-json\/wp\/v2\/users\/20"}],"replies":[{"embeddable":true,"href":"http:\/\/desarrollo.grupomedios.com\/futbol\/wp-json\/wp\/v2\/comments?post=472571"}],"version-history":[{"count":1,"href":"http:\/\/desarrollo.grupomedios.com\/futbol\/wp-json\/wp\/v2\/posts\/472571\/revisions"}],"predecessor-version":[{"id":472575,"href":"http:\/\/desarrollo.grupomedios.com\/futbol\/wp-json\/wp\/v2\/posts\/472571\/revisions\/472575"}],"wp:featuredmedia":[{"embeddable":true,"href":"http:\/\/desarrollo.grupomedios.com\/futbol\/wp-json\/wp\/v2\/media\/472574"}],"wp:attachment":[{"href":"http:\/\/desarrollo.grupomedios.com\/futbol\/wp-json\/wp\/v2\/media?parent=472571"}],"wp:term":[{"taxonomy":"category","embeddable":true,"href":"http:\/\/desarrollo.grupomedios.com\/futbol\/wp-json\/wp\/v2\/categories?post=472571"},{"taxonomy":"post_tag","embeddable":true,"href":"http:\/\/desarrollo.grupomedios.com\/futbol\/wp-json\/wp\/v2\/tags?post=472571"}],"curies":[{"name":"wp","href":"https:\/\/api.w.org\/{rel}","templated":true}]}}