{"id":472608,"date":"2017-04-08T09:20:18","date_gmt":"2017-04-08T14:20:18","guid":{"rendered":"https:\/\/www.futboltotal.com.mx\/?p=472608"},"modified":"2017-04-08T11:23:58","modified_gmt":"2017-04-08T16:23:58","slug":"en-vivo-real-madrid-vs-atletico-madrid-laliga","status":"publish","type":"post","link":"http:\/\/desarrollo.grupomedios.com\/futbol\/futbol-internacional\/en-vivo-real-madrid-vs-atletico-madrid-laliga\/2017\/04","title":{"rendered":"AS\u00cd SE VIVIO |\u00a0Real Madrid 1-1 Atl\u00e9tico |\u00a0LALIGA"},"content":{"rendered":"<p>Real Madrid y Atl\u00e9tico de Madrid devuelven a escena en el Santiago Bernab\u00e9u, uno de esos grandes duelos de alta rivalidad que han marcado sus \u00faltimas temporadas, un derbi trascendental en la lucha madridista por el t\u00edtulo que llega marcado por la inesperada duda de Zinedine Zidane sobre su futuro.<\/p>\n<p style=\"text-align: center;\"><a href=\"https:\/\/www.futboltotal.com.mx\/en-vivo\/en-vivo-real-madrid-vs-atletico-de-madrid-la-liga\/49\/2017\/00\"><span style=\"color: #0000ff;\">DA CLIC AQU\u00cd Y SIGUE EN VIVO \u00a0EL REAL MADRID VS ATL\u00c9TICO DE M\u00c1DRID ESTE S\u00c1BADO A LAS 9:15 HRS.<\/span><\/a><\/p>\n<p>Posiblemente Zidane ten\u00eda otra intenci\u00f3n pero pec\u00f3 de sinceridad con un mensaje extra\u00f1o en v\u00edsperas de un gran duelo. Cay\u00f3 como una bomba en el madridismo y en el club la frase de Zidane. &#8220;No estoy seguro de seguir, por eso no preparo nada de la pr\u00f3xima temporada. Me centro en lo que queda de esta&#8221;. Bien sea por ejercicio de auto exigencia, meditando su adi\u00f3s si no gana un t\u00edtulo grande este curso, buen conocedor de la obligaci\u00f3n de un entrenador del Real Madrid, o buscando un grado mayor de esfuerzo de sus jugadores en el c\u00e9sped, lo que es cierto es que el t\u00e9cnico se sali\u00f3 del gui\u00f3n a horas de un partido grande.<\/p>\n<p>El Atl\u00e9tico est\u00e1 en racha. En la mejor de la actual temporada de la Liga, las cinco victorias consecutivas que ha encadenado ante el Valencia (3-0), el Granada (0-1), el Sevilla (3-1), el M\u00e1laga (0-2) y la Real Sociedad (1-0), y en la mejor de su historia en el Santiago Bernab\u00e9u en el campeonato: tres triunfos.<\/p>\n<p style=\"text-align: center;\"><span style=\"color: #3366ff;\"><a style=\"color: #3366ff;\" href=\"https:\/\/www.futboltotal.com.mx\/2017\/04\/barcelona-pierde-a-rafinha-para-lo-que-resta-temporada\/\">LEER M\u00c1S: El Barcelona pierde a Rafinha para lo que resta de la temporada<\/a><\/span><\/p>\n<p>Quiere m\u00e1s el conjunto rojiblanco, ganador en ese escenario por 0-1 en 2013-14, por 1-2 en 2014-15 y por 0-1 la pasada campa\u00f1a; afianzado ya en este curso en la tercera posici\u00f3n, con tres puntos de renta m\u00e1s la diferencia particular sobre el Sevilla, al que le remont\u00f3 nueve puntos en las cuatro citas anteriores, y rearmado de ambici\u00f3n, confianza y convicci\u00f3n desde el pasado par\u00f3n navide\u00f1o.<\/p>\n<p>Desde entonces ha jugado catorce encuentros en el campeonato, con diez triunfos, tres empates y una sola derrota, 1-2 con el Barcelona en el Vicente Calder\u00f3n el pasado 26 de febrero, y ha reencontrado su versi\u00f3n m\u00e1s regular y fiable, con firmeza defensiva -un solo tanto en sus \u00faltimos seis duelos oficiales- y con goles: 41 en este 2017.<\/p>\n<p><strong>&#8211; Alineaciones probables:<\/strong><\/p>\n<p>Real Madrid: Keylor Navas; Carvajal, Pepe, Sergio Ramos, Marcelo; Casemiro, Kroos, Modric; Bale, Cristiano Ronaldo y Benzema.<\/p>\n<p>Atl\u00e9tico de Madrid: Oblak; Juanfran, Savic, God\u00edn, Filipe; Koke, Gabi, Sa\u00fal, Carrasco; Griezmann y Fernando Torres.<\/p>\n<p>\u00c1rbitro: De Burgos Bengoetxea (colegio vasco).<\/p>\n<p>Estadio: Santiago Bernab\u00e9u.<\/p>\n","protected":false},"excerpt":{"rendered":"<p>Los Merengues buscan seguir con el liderato a costa del Atleti.<\/p>\n","protected":false},"author":20,"featured_media":472762,"comment_status":"closed","ping_status":"closed","sticky":false,"template":"","format":"standard","meta":[],"categories":[3839,3844],"tags":[6007,76,5988],"_links":{"self":[{"href":"http:\/\/desarrollo.grupomedios.com\/futbol\/wp-json\/wp\/v2\/posts\/472608"}],"collection":[{"href":"http:\/\/desarrollo.grupomedios.com\/futbol\/wp-json\/wp\/v2\/posts"}],"about":[{"href":"http:\/\/desarrollo.grupomedios.com\/futbol\/wp-json\/wp\/v2\/types\/post"}],"author":[{"embeddable":true,"href":"http:\/\/desarrollo.grupomedios.com\/futbol\/wp-json\/wp\/v2\/users\/20"}],"replies":[{"embeddable":true,"href":"http:\/\/desarrollo.grupomedios.com\/futbol\/wp-json\/wp\/v2\/comments?post=472608"}],"version-history":[{"count":8,"href":"http:\/\/desarrollo.grupomedios.com\/futbol\/wp-json\/wp\/v2\/posts\/472608\/revisions"}],"predecessor-version":[{"id":472767,"href":"http:\/\/desarrollo.grupomedios.com\/futbol\/wp-json\/wp\/v2\/posts\/472608\/revisions\/472767"}],"wp:featuredmedia":[{"embeddable":true,"href":"http:\/\/desarrollo.grupomedios.com\/futbol\/wp-json\/wp\/v2\/media\/472762"}],"wp:attachment":[{"href":"http:\/\/desarrollo.grupomedios.com\/futbol\/wp-json\/wp\/v2\/media?parent=472608"}],"wp:term":[{"taxonomy":"category","embeddable":true,"href":"http:\/\/desarrollo.grupomedios.com\/futbol\/wp-json\/wp\/v2\/categories?post=472608"},{"taxonomy":"post_tag","embeddable":true,"href":"http:\/\/desarrollo.grupomedios.com\/futbol\/wp-json\/wp\/v2\/tags?post=472608"}],"curies":[{"name":"wp","href":"https:\/\/api.w.org\/{rel}","templated":true}]}}