{"id":472616,"date":"2017-04-07T13:30:18","date_gmt":"2017-04-07T18:30:18","guid":{"rendered":"https:\/\/www.futboltotal.com.mx\/?p=472616"},"modified":"2017-04-07T15:48:52","modified_gmt":"2017-04-07T20:48:52","slug":"en-vivo-eintracht-frankfurt-vs-werder-bremen-bundesliga","status":"publish","type":"post","link":"http:\/\/desarrollo.grupomedios.com\/futbol\/futbol-internacional\/en-vivo-eintracht-frankfurt-vs-werder-bremen-bundesliga\/2017\/04","title":{"rendered":"AS\u00cd SE VIVI\u00d3 | Eintracht 2-2 Werder Bremen |\u00a0\u00a1Lo empat\u00f3 Fabi\u00e1n!"},"content":{"rendered":"<p><a class=\"twitter-timeline\" href=\"https:\/\/twitter.com\/search?q=from%3Aeintracht_esp%20OR%20from%3AwerderbremenES\" data-widget-id=\"850413633632964608\">Tweets sobre from:eintracht_esp OR from:werderbremenES<\/a> <script>!function(d,s,id){var js,fjs=d.getElementsByTagName(s)[0],p=\/^http:\/.test(d.location)?http:https;if(!d.getElementById(id)){js=d.createElement(s);js.id=id;js.src=p+\":\/\/platform.twitter.com\/widgets.js\";fjs.parentNode.insertBefore(js,fjs);}}(document,\"script\",\"twitter-wjs\");<\/script><\/p>\n<p>El Eintracht Frankfurt y Marco Fabi\u00e1n abren una nueva fecha m\u00e1s en Alemania cuando reciban a los albiverdes del Werder Bremen en la Jornada 28 de la Bundesliga.<\/p>\n<p>Las \u00c1guilas buscar\u00e1n regresar al triunfo luego de cuatro partidos sin lograrlo, pues en su \u00faltimo duelo cayeron ante el Colonia y antes hab\u00edan empatado dos encuentros seguidos a cero goles. Con estos resultados, el equipo de Marco Fabi\u00e1n baj\u00f3 hasta la octava posici\u00f3n luego de haber estado posicionado entre los primeros cinco y posibilidad de disputar Europa League.<\/p>\n<p>Por su parte, el Werder Bremen llega con una racha casi perfecta, pues en sus \u00faltimos cinco partidos han ganado cuatro y empatado uno. Incluso los \u00faltimos fueron goleadas, primero como visitante al Friburgo por 5-2 y despu\u00e9s al Schalke 04 con marcador de 3-0.<\/p>\n<p>\u00bfPodr\u00e1n Fabi\u00e1n y el Eintracht revertir su mala racha ante el Werder Bremen?<\/p>\n","protected":false},"excerpt":{"rendered":"<p>Fabi\u00e1n y Eintracht buscan regresar al triunfo.<\/p>\n","protected":false},"author":20,"featured_media":450124,"comment_status":"closed","ping_status":"closed","sticky":false,"template":"","format":"standard","meta":[],"categories":[3839],"tags":[119,3588,131],"_links":{"self":[{"href":"http:\/\/desarrollo.grupomedios.com\/futbol\/wp-json\/wp\/v2\/posts\/472616"}],"collection":[{"href":"http:\/\/desarrollo.grupomedios.com\/futbol\/wp-json\/wp\/v2\/posts"}],"about":[{"href":"http:\/\/desarrollo.grupomedios.com\/futbol\/wp-json\/wp\/v2\/types\/post"}],"author":[{"embeddable":true,"href":"http:\/\/desarrollo.grupomedios.com\/futbol\/wp-json\/wp\/v2\/users\/20"}],"replies":[{"embeddable":true,"href":"http:\/\/desarrollo.grupomedios.com\/futbol\/wp-json\/wp\/v2\/comments?post=472616"}],"version-history":[{"count":10,"href":"http:\/\/desarrollo.grupomedios.com\/futbol\/wp-json\/wp\/v2\/posts\/472616\/revisions"}],"predecessor-version":[{"id":472656,"href":"http:\/\/desarrollo.grupomedios.com\/futbol\/wp-json\/wp\/v2\/posts\/472616\/revisions\/472656"}],"wp:featuredmedia":[{"embeddable":true,"href":"http:\/\/desarrollo.grupomedios.com\/futbol\/wp-json\/wp\/v2\/media\/450124"}],"wp:attachment":[{"href":"http:\/\/desarrollo.grupomedios.com\/futbol\/wp-json\/wp\/v2\/media?parent=472616"}],"wp:term":[{"taxonomy":"category","embeddable":true,"href":"http:\/\/desarrollo.grupomedios.com\/futbol\/wp-json\/wp\/v2\/categories?post=472616"},{"taxonomy":"post_tag","embeddable":true,"href":"http:\/\/desarrollo.grupomedios.com\/futbol\/wp-json\/wp\/v2\/tags?post=472616"}],"curies":[{"name":"wp","href":"https:\/\/api.w.org\/{rel}","templated":true}]}}