{"id":472627,"date":"2017-04-07T14:04:30","date_gmt":"2017-04-07T19:04:30","guid":{"rendered":"https:\/\/www.futboltotal.com.mx\/?p=472627"},"modified":"2017-04-07T14:04:30","modified_gmt":"2017-04-07T19:04:30","slug":"sin-sus-companeros-chucky-lozano-haria-nada-chepo-la-torre","status":"publish","type":"post","link":"http:\/\/desarrollo.grupomedios.com\/futbol\/futbol-mexicano\/sin-sus-companeros-chucky-lozano-haria-nada-chepo-la-torre\/2017\/04","title":{"rendered":"Sin sus compa\u00f1eros, Chucky no har\u00eda nada: Chepo de la Torre"},"content":{"rendered":"<p>Santos Laguna enfrentar\u00e1 al Pachuca el pr\u00f3ximo domingo en la Jornada 13 del Clausrua 2017, por lo que Jos\u00e9 Manuel de la Torre ya se prepara para el duelo y la peligrosidad de Hirving Lozano, quien sabe que puede marcar diferencia para los <em>Tuzos<\/em>, aunque asegur\u00f3 que no ser\u00eda igual si no fuera por sus compa\u00f1eros.<\/p>\n<blockquote><p>&#8220;El Chucky tiene condiciones muy buenas; no es de ahora es de hace mucho tiempo, pero creo que sin sus compa\u00f1eros \u00e9l no podr\u00eda hacer nada. No es el Chucky, es Pachuca, es un equipo que ya tiene tiempo haciendo las cosas bien, gente joven, con buena estructura, que juegan bien al futbol. No nada m\u00e1s es el Chucky, es Urreta, los que juegan en medio campo, Burrito, su defensa, todos los aspectos&#8221;, coment\u00f3.<\/p><\/blockquote>\n<p>Respecto al duelo que tendr\u00e1n en el estadio Corona, el Chepo descart\u00f3 que los albiazules se vayan a tirar hacia atr\u00e1s, pues asegura que no son de esas caracter\u00edsticas.<\/p>\n<p style=\"text-align: center;\"><span style=\"color: #3366ff;\"><a style=\"color: #3366ff;\" href=\"https:\/\/www.futboltotal.com.mx\/2017\/04\/marchesin-olvido-pronto-retirarme-en-america-seria-hermoso\/\">LEER M\u00c1S: Marches\u00edn olvid\u00f3 pronto: \u201cRetirarme en Am\u00e9rica ser\u00eda hermoso\u201d<\/a><\/span><\/p>\n<blockquote><p>&#8220;Estamos conscientes de las caracter\u00edsticas que tienen, pero tambi\u00e9n tenemos que hacer la labor en conjunto, cerrando los espacios adecuadamente en la zona defensiva. No quiere decir que hacia atr\u00e1s, sino la zona defensiva es en el aspecto desde que mi centro delantero es mi primer defensa y mi portero es mi primer delantero. Con esa intenci\u00f3n y actitud enfrentaremos a Pachuca&#8221;.<\/p><\/blockquote>\n<p>Chepo de la Torre tambi\u00e9n habl\u00f3 sobre las fallas que han tenido en partidos anteriores y espera que ante los Tuzos puedan ser m\u00e1s contundentes para que no se le escapen m\u00e1s resultados a su equipo.<\/p>\n<p>&#8220;Tuvimos partidos con mucha llegada, pero no contundencia para hacer la diferencia en el marcador. No perdimos, pero tampoco ganamos. Se trata de hacer goles y hacer m\u00e1s que el rival&#8221;, concluy\u00f3.<\/p>\n","protected":false},"excerpt":{"rendered":"<p>Santos Laguna enfrentar\u00e1 al Pachuca en la Jornada 13 del Clausrua 2017.<\/p>\n","protected":false},"author":20,"featured_media":447532,"comment_status":"closed","ping_status":"closed","sticky":false,"template":"","format":"standard","meta":[],"categories":[2198,3845],"tags":[795,6944,5968,5972],"_links":{"self":[{"href":"http:\/\/desarrollo.grupomedios.com\/futbol\/wp-json\/wp\/v2\/posts\/472627"}],"collection":[{"href":"http:\/\/desarrollo.grupomedios.com\/futbol\/wp-json\/wp\/v2\/posts"}],"about":[{"href":"http:\/\/desarrollo.grupomedios.com\/futbol\/wp-json\/wp\/v2\/types\/post"}],"author":[{"embeddable":true,"href":"http:\/\/desarrollo.grupomedios.com\/futbol\/wp-json\/wp\/v2\/users\/20"}],"replies":[{"embeddable":true,"href":"http:\/\/desarrollo.grupomedios.com\/futbol\/wp-json\/wp\/v2\/comments?post=472627"}],"version-history":[{"count":1,"href":"http:\/\/desarrollo.grupomedios.com\/futbol\/wp-json\/wp\/v2\/posts\/472627\/revisions"}],"predecessor-version":[{"id":472628,"href":"http:\/\/desarrollo.grupomedios.com\/futbol\/wp-json\/wp\/v2\/posts\/472627\/revisions\/472628"}],"wp:featuredmedia":[{"embeddable":true,"href":"http:\/\/desarrollo.grupomedios.com\/futbol\/wp-json\/wp\/v2\/media\/447532"}],"wp:attachment":[{"href":"http:\/\/desarrollo.grupomedios.com\/futbol\/wp-json\/wp\/v2\/media?parent=472627"}],"wp:term":[{"taxonomy":"category","embeddable":true,"href":"http:\/\/desarrollo.grupomedios.com\/futbol\/wp-json\/wp\/v2\/categories?post=472627"},{"taxonomy":"post_tag","embeddable":true,"href":"http:\/\/desarrollo.grupomedios.com\/futbol\/wp-json\/wp\/v2\/tags?post=472627"}],"curies":[{"name":"wp","href":"https:\/\/api.w.org\/{rel}","templated":true}]}}