{"id":472629,"date":"2017-04-07T14:19:08","date_gmt":"2017-04-07T19:19:08","guid":{"rendered":"https:\/\/www.futboltotal.com.mx\/?p=472629"},"modified":"2017-04-07T14:19:08","modified_gmt":"2017-04-07T19:19:08","slug":"televisora-negocia-chivas-tv-comprarles-final-copa-mx","status":"publish","type":"post","link":"http:\/\/desarrollo.grupomedios.com\/futbol\/futbol-mexicano\/televisora-negocia-chivas-tv-comprarles-final-copa-mx\/2017\/04","title":{"rendered":"Televisora negocia con Chivas TV para comprarles final de Copa MX"},"content":{"rendered":"<p><strong>Chivas<\/strong> apunta a la Final de la <strong>Copa MX<\/strong> ante <strong>Morelia<\/strong> para poder obtener un posible primer t\u00edtulo en el primer semestre de 2017, pero tambi\u00e9n espera triunfar con la transmisi\u00f3n del partido por <strong>Chivas TV<\/strong>, la tan criticada plataforma rojiblanca que\u00a0sin cumplir su primer a\u00f1o de vida ya llevar\u00e1 una final por su se\u00f1al.<\/p>\n<p>Pese a que el <em>Reba\u00f1o<\/em> manifest\u00f3 tiempo atr\u00e1s que, en caso de llegar a la final del torneo no compartir\u00eda la transmisi\u00f3n con otras compa\u00f1\u00edas, ya hay\u00a0televisoras que\u00a0desean contar con los derechos para este juego; aunque <strong>Jos\u00e9 Luis Higuera<\/strong> ha aceptado esos acercamientos, luce complicado que el equipo tapat\u00edo ceda.<\/p>\n<p style=\"text-align: center;\"><span style=\"color: #333399;\"><a style=\"color: #333399;\" href=\"https:\/\/www.futboltotal.com.mx\/2017\/04\/marchesin-olvido-pronto-retirarme-en-america-seria-hermoso\/\">VER M\u00c1S: Marches\u00edn olvid\u00f3 pronto: &#8220;Retirarme en Am\u00e9rica ser\u00eda hermoso&#8221;<\/a><\/span><\/p>\n<blockquote>\n<p style=\"text-align: center;\">&#8220;S\u00ed, se nos acerc\u00f3 una (televisora) y ya le dije que con mucho gusto iba a someter su propuesta al se\u00f1or Jorge Vergara, pero que en el plan de trabajo que ten\u00edamos nosotros no era lo que ten\u00edamos planeado. Es una cadena de cable, pero no puedo dar el nombre ahora porque no ser\u00eda correcto&#8221;, mencion\u00f3 Higuera en entrevista para el diario Cancha.<\/p>\n<p style=\"text-align: center;\">&#8220;Como ya te hab\u00eda comentado hace d\u00edas, aqu\u00ed la \u00faltima palabra la tiene Jorge, pero hasta el momento tenemos muy claro nuestro proyecto, nuestro plan y pues esper\u00e1bamos esto. Imag\u00ednate hoy soltarlo cuando esper\u00e1bamos tener una Final con nuestro estadio transmitida por Chivas TV en exclusiva y nuestros aliados, pues est\u00e1 dif\u00edcil\u201d concluy\u00f3 el directivo.<\/p>\n<\/blockquote>\n<p class=\"p1\"><span class=\"s1\"><b>S\u00edguenos en Twitter<\/b>:\u00a0<a href=\"https:\/\/twitter.com\/MXFutbolTotal\"><span class=\"s2\">@MXFutbolTotal<\/span><\/a><\/span><\/p>\n","protected":false},"excerpt":{"rendered":"<p>Jos\u00e9 Luis Higuera ha aceptado acercamientos de otras televisoras para compartir la se\u00f1al de la final.<\/p>\n","protected":false},"author":20,"featured_media":462069,"comment_status":"closed","ping_status":"closed","sticky":false,"template":"","format":"standard","meta":[],"categories":[4247,2198],"tags":[70,285,1752,5967,5820],"_links":{"self":[{"href":"http:\/\/desarrollo.grupomedios.com\/futbol\/wp-json\/wp\/v2\/posts\/472629"}],"collection":[{"href":"http:\/\/desarrollo.grupomedios.com\/futbol\/wp-json\/wp\/v2\/posts"}],"about":[{"href":"http:\/\/desarrollo.grupomedios.com\/futbol\/wp-json\/wp\/v2\/types\/post"}],"author":[{"embeddable":true,"href":"http:\/\/desarrollo.grupomedios.com\/futbol\/wp-json\/wp\/v2\/users\/20"}],"replies":[{"embeddable":true,"href":"http:\/\/desarrollo.grupomedios.com\/futbol\/wp-json\/wp\/v2\/comments?post=472629"}],"version-history":[{"count":1,"href":"http:\/\/desarrollo.grupomedios.com\/futbol\/wp-json\/wp\/v2\/posts\/472629\/revisions"}],"predecessor-version":[{"id":472635,"href":"http:\/\/desarrollo.grupomedios.com\/futbol\/wp-json\/wp\/v2\/posts\/472629\/revisions\/472635"}],"wp:featuredmedia":[{"embeddable":true,"href":"http:\/\/desarrollo.grupomedios.com\/futbol\/wp-json\/wp\/v2\/media\/462069"}],"wp:attachment":[{"href":"http:\/\/desarrollo.grupomedios.com\/futbol\/wp-json\/wp\/v2\/media?parent=472629"}],"wp:term":[{"taxonomy":"category","embeddable":true,"href":"http:\/\/desarrollo.grupomedios.com\/futbol\/wp-json\/wp\/v2\/categories?post=472629"},{"taxonomy":"post_tag","embeddable":true,"href":"http:\/\/desarrollo.grupomedios.com\/futbol\/wp-json\/wp\/v2\/tags?post=472629"}],"curies":[{"name":"wp","href":"https:\/\/api.w.org\/{rel}","templated":true}]}}