{"id":472633,"date":"2017-04-07T15:05:28","date_gmt":"2017-04-07T20:05:28","guid":{"rendered":"https:\/\/www.futboltotal.com.mx\/?p=472633"},"modified":"2017-04-07T15:05:28","modified_gmt":"2017-04-07T20:05:28","slug":"sergio-ramos-la-pesadilla-del-atletico-a-balon-parado","status":"publish","type":"post","link":"http:\/\/desarrollo.grupomedios.com\/futbol\/futbol-internacional\/sergio-ramos-la-pesadilla-del-atletico-a-balon-parado\/2017\/04","title":{"rendered":"Sergio Ramos, la pesadilla del Atl\u00e9tico a bal\u00f3n parado"},"content":{"rendered":"<p>Bajo el cielo de Lisboa y de Mil\u00e1n, <strong>Sergio Ramos<\/strong> ha edificado su faceta de mort\u00edfero rematador y ha sido el azote del Atl\u00e9tico de Madrid sac\u00e1ndole del bolsillo la Champions League. El defensa central de Camas, que esta campa\u00f1a vive el a\u00f1o m\u00e1s goleador de su carrera, volver\u00e1 a enfrentar a los<em> Colchoneros\u00a0<\/em>despu\u00e9s de haberlos castigado por \u00faltima vez en la Final de la Champions 2016 con una calca del gol que hizo dos a\u00f1os atr\u00e1s en la final donde los Blancos ganaron la D\u00e9cima.\u00a0Ramos es la pesadilla el Atl\u00e9tico a bal\u00f3n parado.<\/p>\n<p>En el presente curso es el jugador de la Liga que m\u00e1s anota de cabeza, incluso por encima de Cristiano y el delantero Willian Jos\u00e9 de la Real Sociedad, quienes acumulan cinco anotaciones. Sergio <strong>Ramos<\/strong>\u00a0ha rubricado seis por est\u00e1 v\u00eda. Y no es todo. Totaliza 10 goles (7 en Liga, 1 en Champions, 1 en Copa del Rey y otro en Supercopa de Europa) y al derbi de este s\u00e1bado llega lanzado como el defensa central m\u00e1s goleador.<\/p>\n<p><strong>Mr. Ramos<\/strong>\u00a0no jug\u00f3 en el Vicente Calder\u00f3n durante la primera vuelta por una lesi\u00f3n que lo apart\u00f3 de las canchas seis semanas. Pero ahora est\u00e1 de regreso y apunta como un delantero m\u00e1s del Real Madrid. Vivir\u00e1 su derbi n\u00famero 34 -todas las competiciones- y buscar\u00e1 su quinto gol en esta clase de partidos. El Bernab\u00e9u lo espera en una de esas noches donde los <em>Blancos<\/em> lo necesitan m\u00e1s que nunca para mantener el liderato.<\/p>\n<p style=\"text-align: center;\"><span style=\"color: #3366ff;\">VER M\u00c1S: Todas las noticias de futbol internacional\u00a0<\/span><\/p>\n<p>[video_player]https:\/\/player.vimeo.com\/external\/212297947.hd.mp4?s=532b756c084dc03d493d6f040497474ed5cb92e2&#038;profile_id=174[\/video_player]<\/p>\n","protected":false},"excerpt":{"rendered":"<p>El defensa central llega al derbi convertido en el defensa central m\u00e1s goleador de las grandes ligas. <\/p>\n","protected":false},"author":20,"featured_media":466612,"comment_status":"closed","ping_status":"closed","sticky":false,"template":"","format":"standard","meta":[],"categories":[7570,3839,3844],"tags":[6007,5988],"_links":{"self":[{"href":"http:\/\/desarrollo.grupomedios.com\/futbol\/wp-json\/wp\/v2\/posts\/472633"}],"collection":[{"href":"http:\/\/desarrollo.grupomedios.com\/futbol\/wp-json\/wp\/v2\/posts"}],"about":[{"href":"http:\/\/desarrollo.grupomedios.com\/futbol\/wp-json\/wp\/v2\/types\/post"}],"author":[{"embeddable":true,"href":"http:\/\/desarrollo.grupomedios.com\/futbol\/wp-json\/wp\/v2\/users\/20"}],"replies":[{"embeddable":true,"href":"http:\/\/desarrollo.grupomedios.com\/futbol\/wp-json\/wp\/v2\/comments?post=472633"}],"version-history":[{"count":4,"href":"http:\/\/desarrollo.grupomedios.com\/futbol\/wp-json\/wp\/v2\/posts\/472633\/revisions"}],"predecessor-version":[{"id":472650,"href":"http:\/\/desarrollo.grupomedios.com\/futbol\/wp-json\/wp\/v2\/posts\/472633\/revisions\/472650"}],"wp:featuredmedia":[{"embeddable":true,"href":"http:\/\/desarrollo.grupomedios.com\/futbol\/wp-json\/wp\/v2\/media\/466612"}],"wp:attachment":[{"href":"http:\/\/desarrollo.grupomedios.com\/futbol\/wp-json\/wp\/v2\/media?parent=472633"}],"wp:term":[{"taxonomy":"category","embeddable":true,"href":"http:\/\/desarrollo.grupomedios.com\/futbol\/wp-json\/wp\/v2\/categories?post=472633"},{"taxonomy":"post_tag","embeddable":true,"href":"http:\/\/desarrollo.grupomedios.com\/futbol\/wp-json\/wp\/v2\/tags?post=472633"}],"curies":[{"name":"wp","href":"https:\/\/api.w.org\/{rel}","templated":true}]}}