{"id":472637,"date":"2017-04-07T14:40:26","date_gmt":"2017-04-07T19:40:26","guid":{"rendered":"https:\/\/www.futboltotal.com.mx\/?p=472637"},"modified":"2017-04-07T14:40:26","modified_gmt":"2017-04-07T19:40:26","slug":"delantero-tigres-publico-comprometedora-foto-en-redes","status":"publish","type":"post","link":"http:\/\/desarrollo.grupomedios.com\/futbol\/futbol-mexicano\/delantero-tigres-publico-comprometedora-foto-en-redes\/2017\/04","title":{"rendered":"Delantero de Tigres public\u00f3 comprometedora foto en redes"},"content":{"rendered":"<p>Ya sean figuras de la far\u00e1ndula o incluso futbolistas, distintas figuras p\u00fablicas han cometido errores en redes sociales al publicar fotos atrevidas o comprometedoras. Esta vez fue el turno del delantero chileno <strong>Eduardo Vargas<\/strong>, futbolista de los <strong>Tigres<\/strong>, quien hace apenas algunas semanas se incorpor\u00f3 a la Liga MX.<\/p>\n<p><em>Edu<\/em> envi\u00f3 una imagen en su cuenta de Instagram en la que aparece apenas con ropa interior, aunque aparentemente no era esa su intenci\u00f3n pues minutos m\u00e1s tarde la borr\u00f3.<\/p>\n<p style=\"text-align: center;\"><span style=\"color: #333399;\"><a style=\"color: #333399;\" href=\"https:\/\/www.futboltotal.com.mx\/2017\/04\/marchesin-olvido-pronto-retirarme-en-america-seria-hermoso\/\">VER M\u00c1S: Marches\u00edn olvid\u00f3 pronto: &#8220;Retirarme en Am\u00e9rica ser\u00eda hermoso&#8221;<\/a><\/span><\/p>\n<p>Sin embargo, los usuarios de redes sociales no perdonan estos fallos y apenas vieron la imagen de Vargas tomaron capturas de pantalla, lo que ha permitido que la fotograf\u00eda siga siendo vista en l\u00ednea.<\/p>\n<p><a href=\"https:\/\/www.futboltotal.com.mx\/wp-content\/uploads\/2017\/04\/Eduardo-Vargas-Instagram.jpg\"><img decoding=\"async\" loading=\"lazy\" class=\"aligncenter wp-image-472641 size-large\" src=\"https:\/\/www.futboltotal.com.mx\/wp-content\/uploads\/2017\/04\/Eduardo-Vargas-Instagram-1024x576.jpg\" alt=\"Delantero de Tigres public\u00f3 comprometedora foto en redes 0\" srcset=\"http:\/\/desarrollo.grupomedios.com\/futbol\/wp-content\/uploads\/2017\/04\/Eduardo-Vargas-Instagram-1024x576.jpg 1024w, http:\/\/desarrollo.grupomedios.com\/futbol\/wp-content\/uploads\/2017\/04\/Eduardo-Vargas-Instagram-300x169.jpg 300w, http:\/\/desarrollo.grupomedios.com\/futbol\/wp-content\/uploads\/2017\/04\/Eduardo-Vargas-Instagram-768x432.jpg 768w, http:\/\/desarrollo.grupomedios.com\/futbol\/wp-content\/uploads\/2017\/04\/Eduardo-Vargas-Instagram-317x178.jpg 317w, http:\/\/desarrollo.grupomedios.com\/futbol\/wp-content\/uploads\/2017\/04\/Eduardo-Vargas-Instagram-535x301.jpg 535w, http:\/\/desarrollo.grupomedios.com\/futbol\/wp-content\/uploads\/2017\/04\/Eduardo-Vargas-Instagram-374x210.jpg 374w, http:\/\/desarrollo.grupomedios.com\/futbol\/wp-content\/uploads\/2017\/04\/Eduardo-Vargas-Instagram.jpg 1136w\" sizes=\"(max-width: 1024px) 100vw, 1024px\" \/><\/a><\/p>\n<p class=\"p1\"><span class=\"s1\"><b>S\u00edguenos en Twitter<\/b>:\u00a0<span style=\"color: #333399;\"><a style=\"color: #333399;\" href=\"https:\/\/twitter.com\/MXFutbolTotal\"><span class=\"s2\">@MXFutbolTotal<\/span><\/a><\/span><\/span><\/p>\n","protected":false},"excerpt":{"rendered":"<p>Eduardo Vargas envi\u00f3 una imagen en Instagram en la que aparece apenas con ropa interior.<\/p>\n","protected":false},"author":20,"featured_media":472638,"comment_status":"closed","ping_status":"closed","sticky":false,"template":"","format":"standard","meta":[],"categories":[5419,2198],"tags":[7732,5994,64,5973,444],"_links":{"self":[{"href":"http:\/\/desarrollo.grupomedios.com\/futbol\/wp-json\/wp\/v2\/posts\/472637"}],"collection":[{"href":"http:\/\/desarrollo.grupomedios.com\/futbol\/wp-json\/wp\/v2\/posts"}],"about":[{"href":"http:\/\/desarrollo.grupomedios.com\/futbol\/wp-json\/wp\/v2\/types\/post"}],"author":[{"embeddable":true,"href":"http:\/\/desarrollo.grupomedios.com\/futbol\/wp-json\/wp\/v2\/users\/20"}],"replies":[{"embeddable":true,"href":"http:\/\/desarrollo.grupomedios.com\/futbol\/wp-json\/wp\/v2\/comments?post=472637"}],"version-history":[{"count":1,"href":"http:\/\/desarrollo.grupomedios.com\/futbol\/wp-json\/wp\/v2\/posts\/472637\/revisions"}],"predecessor-version":[{"id":472642,"href":"http:\/\/desarrollo.grupomedios.com\/futbol\/wp-json\/wp\/v2\/posts\/472637\/revisions\/472642"}],"wp:featuredmedia":[{"embeddable":true,"href":"http:\/\/desarrollo.grupomedios.com\/futbol\/wp-json\/wp\/v2\/media\/472638"}],"wp:attachment":[{"href":"http:\/\/desarrollo.grupomedios.com\/futbol\/wp-json\/wp\/v2\/media?parent=472637"}],"wp:term":[{"taxonomy":"category","embeddable":true,"href":"http:\/\/desarrollo.grupomedios.com\/futbol\/wp-json\/wp\/v2\/categories?post=472637"},{"taxonomy":"post_tag","embeddable":true,"href":"http:\/\/desarrollo.grupomedios.com\/futbol\/wp-json\/wp\/v2\/tags?post=472637"}],"curies":[{"name":"wp","href":"https:\/\/api.w.org\/{rel}","templated":true}]}}