{"id":472653,"date":"2017-04-07T16:10:30","date_gmt":"2017-04-07T21:10:30","guid":{"rendered":"https:\/\/www.futboltotal.com.mx\/?p=472653"},"modified":"2017-04-07T16:40:50","modified_gmt":"2017-04-07T21:40:50","slug":"fabian-rescato-al-eintracht-frankfurt-ante-bremen","status":"publish","type":"post","link":"http:\/\/desarrollo.grupomedios.com\/futbol\/destacado-home\/fabian-rescato-al-eintracht-frankfurt-ante-bremen\/2017\/04","title":{"rendered":"Marco Fabi\u00e1n rescat\u00f3 al Eintracht Frankfurt ante el Bremen"},"content":{"rendered":"<p>Un gol del mexicano Marco Fabi\u00e1n le dio el empate al Eintracht Frankfurt ante el Werder Bremen en la Jornada 28 de la Bundesliga, que se inaugur\u00f3 este viernes en el Commerzbank-Arena.<\/p>\n<blockquote class=\"twitter-tweet\" data-lang=\"es\">\n<p dir=\"ltr\" lang=\"es\">90+3&#8242; \u26a1\ufe0f Electrizante empate en <a href=\"https:\/\/twitter.com\/CobaArena\">@CobaArena<\/a>:<a href=\"https:\/\/twitter.com\/hashtag\/Eintracht?src=hash\">#Eintracht<\/a> 2-2 <a href=\"https:\/\/twitter.com\/werderbremenES\">@werderbremenES<\/a> <a href=\"https:\/\/twitter.com\/hashtag\/SGESVW?src=hash\">#SGESVW<\/a> <a href=\"https:\/\/t.co\/5HKQgQtNE6\">pic.twitter.com\/5HKQgQtNE6<\/a><\/p>\n<p>\u2014 eintracht_esp (@eintracht_esp) <a href=\"https:\/\/twitter.com\/eintracht_esp\/status\/850443203786530817\">7 de abril de 2017<\/a><\/p><\/blockquote>\n<p><script async src=\"\/\/platform.twitter.com\/widgets.js\" charset=\"utf-8\"><\/script><\/p>\n<p>El partido comenz\u00f3 abierto desde el principi\u00f3 con disparos de media distancia por parte de las \u00c1guilas y que en varias ocasiones reaccion\u00f3 bien el portero de los albiverdes, Wieldwald.<\/p>\n<p>A pesar de ello, el Werder Bremen se fue arriba en el marcador y consigui\u00f3 dos goles antes de que terminara la primera mitad. Primero Juzunovic venci\u00f3 a Hr\u00e1deck\u00fd con una media vuelta y apenas 5 minutos despu\u00e9s Bartels aument\u00f3 la ventaja.<\/p>\n<p style=\"text-align: center;\"><span style=\"color: #3366ff;\"><a style=\"color: #3366ff;\" href=\"https:\/\/www.futboltotal.com.mx\/2017\/04\/en-vivo-eintracht-frankfurt-vs-werder-bremen-bundesliga\/\">AS\u00cd SE VIVI\u00d3| Eintracht 2-2 Werder Bremen | Bundesliga<\/a><\/span><\/p>\n<p>Para la parte complementaria el Eintracht sali\u00f3 con la misi\u00f3n de acercarse en el marcador y lo consigui\u00f3 por medio de Gacinovic, quien desvi\u00f3 un disparo de Abraham para que se colar\u00e1 en la red de los visitantes.<\/p>\n<p>Ya cerca del empate, Marco Fabi\u00e1n orquest\u00f3 el ataque de las \u00c1guilas y al 73&#8242; cambi\u00f3 un penal por gol y puso el marcador definitivo.<\/p>\n<blockquote class=\"twitter-video\" data-lang=\"es\">\n<p dir=\"ltr\" lang=\"es\">As\u00ed fue el gol de Marco Fabi\u00e1n con el <a href=\"https:\/\/twitter.com\/eintracht_esp\">@eintracht_esp<\/a> y de penalti!!!! <a href=\"https:\/\/t.co\/BRMXXkl3Bh\">pic.twitter.com\/BRMXXkl3Bh<\/a><\/p>\n<p>\u2014 Mosz MT (@Mosz_mt) <a href=\"https:\/\/twitter.com\/Mosz_mt\/status\/850442904577478657\">7 de abril de 2017<\/a><\/p><\/blockquote>\n<p><script async src=\"\/\/platform.twitter.com\/widgets.js\" charset=\"utf-8\"><\/script><\/p>\n","protected":false},"excerpt":{"rendered":"<p>Fabi\u00e1n marc\u00f3 el gol del empate.<\/p>\n","protected":false},"author":129,"featured_media":472654,"comment_status":"closed","ping_status":"closed","sticky":false,"template":"","format":"standard","meta":[],"categories":[5,3839],"tags":[119,3588,131],"_links":{"self":[{"href":"http:\/\/desarrollo.grupomedios.com\/futbol\/wp-json\/wp\/v2\/posts\/472653"}],"collection":[{"href":"http:\/\/desarrollo.grupomedios.com\/futbol\/wp-json\/wp\/v2\/posts"}],"about":[{"href":"http:\/\/desarrollo.grupomedios.com\/futbol\/wp-json\/wp\/v2\/types\/post"}],"author":[{"embeddable":true,"href":"http:\/\/desarrollo.grupomedios.com\/futbol\/wp-json\/wp\/v2\/users\/129"}],"replies":[{"embeddable":true,"href":"http:\/\/desarrollo.grupomedios.com\/futbol\/wp-json\/wp\/v2\/comments?post=472653"}],"version-history":[{"count":1,"href":"http:\/\/desarrollo.grupomedios.com\/futbol\/wp-json\/wp\/v2\/posts\/472653\/revisions"}],"predecessor-version":[{"id":472655,"href":"http:\/\/desarrollo.grupomedios.com\/futbol\/wp-json\/wp\/v2\/posts\/472653\/revisions\/472655"}],"wp:featuredmedia":[{"embeddable":true,"href":"http:\/\/desarrollo.grupomedios.com\/futbol\/wp-json\/wp\/v2\/media\/472654"}],"wp:attachment":[{"href":"http:\/\/desarrollo.grupomedios.com\/futbol\/wp-json\/wp\/v2\/media?parent=472653"}],"wp:term":[{"taxonomy":"category","embeddable":true,"href":"http:\/\/desarrollo.grupomedios.com\/futbol\/wp-json\/wp\/v2\/categories?post=472653"},{"taxonomy":"post_tag","embeddable":true,"href":"http:\/\/desarrollo.grupomedios.com\/futbol\/wp-json\/wp\/v2\/tags?post=472653"}],"curies":[{"name":"wp","href":"https:\/\/api.w.org\/{rel}","templated":true}]}}