{"id":472657,"date":"2017-04-07T15:58:40","date_gmt":"2017-04-07T20:58:40","guid":{"rendered":"https:\/\/www.futboltotal.com.mx\/?p=472657"},"modified":"2017-04-07T16:00:08","modified_gmt":"2017-04-07T21:00:08","slug":"luis-montes-elias-hernandez-en-la-mira-chivas","status":"publish","type":"post","link":"http:\/\/desarrollo.grupomedios.com\/futbol\/futbol-mexicano\/luis-montes-elias-hernandez-en-la-mira-chivas\/2017\/04","title":{"rendered":"\u00a1Dos Fieras m\u00e1s para el Reba\u00f1o Sagrado!"},"content":{"rendered":"<p>El Clausura 2017 se encuentra cerca de su recta final, por ello comienzan a sonar los posibles movimientos que har\u00e1n los equipos de Liga MX, tanto en adquisiciones como en ventas, por eso sobresale la posibilidad de que Chivas adquiera a dos jugadores m\u00e1s provenientes del Le\u00f3n: <strong>Luis Montes<\/strong> y <strong>El\u00edas Hern\u00e1ndez<\/strong>.<\/p>\n<p>De acuerdo al comentarista deportivo, Andr\u00e9 Mar\u00edn, <strong>Luis Montes<\/strong> y <strong>El\u00edas Hern\u00e1ndez<\/strong> est\u00e1n en la mira de Chivas, por lo que podr\u00edan unirse a las filas rojiblancas para el Apertura 2017. Con ello, el par de jugadores se unir\u00edan a una lista de hombres procedentes del Grupo Pachuca, que han sido del agrado del <em>Reba\u00f1o Sagrado<\/em>.<\/p>\n<p style=\"text-align: center;\"><span style=\"color: #3366ff;\"><a style=\"color: #3366ff;\" href=\"https:\/\/www.futboltotal.com.mx\/2017\/04\/televisora-negocia-chivas-tv-comprarles-final-copa-mx\/\" target=\"_blank\"><strong>LEER M\u00c1S: Cadena TV negocia con Chivas TV para transmitir final de Copa MX<\/strong><\/a><\/span><\/p>\n<p><strong><a href=\"https:\/\/www.futboltotal.com.mx\/wp-content\/uploads\/2017\/04\/ANDRE-MARIN-facebook.jpg\"><img decoding=\"async\" loading=\"lazy\" class=\"alignnone size-full wp-image-472658\" src=\"https:\/\/www.futboltotal.com.mx\/wp-content\/uploads\/2017\/04\/ANDRE-MARIN-facebook.jpg\" alt=\"\u00a1Dos Fieras m\u00e1s para el Reba\u00f1o Sagrado! 0\" srcset=\"http:\/\/desarrollo.grupomedios.com\/futbol\/wp-content\/uploads\/2017\/04\/ANDRE-MARIN-facebook.jpg 1136w, http:\/\/desarrollo.grupomedios.com\/futbol\/wp-content\/uploads\/2017\/04\/ANDRE-MARIN-facebook-300x169.jpg 300w, http:\/\/desarrollo.grupomedios.com\/futbol\/wp-content\/uploads\/2017\/04\/ANDRE-MARIN-facebook-768x432.jpg 768w, http:\/\/desarrollo.grupomedios.com\/futbol\/wp-content\/uploads\/2017\/04\/ANDRE-MARIN-facebook-1024x576.jpg 1024w, http:\/\/desarrollo.grupomedios.com\/futbol\/wp-content\/uploads\/2017\/04\/ANDRE-MARIN-facebook-317x178.jpg 317w, http:\/\/desarrollo.grupomedios.com\/futbol\/wp-content\/uploads\/2017\/04\/ANDRE-MARIN-facebook-535x301.jpg 535w, http:\/\/desarrollo.grupomedios.com\/futbol\/wp-content\/uploads\/2017\/04\/ANDRE-MARIN-facebook-374x210.jpg 374w\" sizes=\"(max-width: 1136px) 100vw, 1136px\" \/><\/a><\/strong><\/p>\n<p>Entre los jugadores que ha fichado Chivas procedentes de equipos del Grupo Pachuca en los \u00faltimos a\u00f1os, se encuentran: Edwin Hern\u00e1ndez, Carlos Pe\u00f1a, Jos\u00e9 V\u00e1zquez, Rodolfo Cota, Rodolfo Pizarro y Marco Bueno.<\/p>\n<p>S\u00edguenos en Twitter: <a href=\"https:\/\/twitter.com\/MXFutbolTotal\" target=\"_blank\">@MXFutbolTotal<\/a><\/p>\n","protected":false},"excerpt":{"rendered":"<p>Luis Montes y El\u00edas Hern\u00e1ndez emigrar\u00edan a Chivas en el verano.<\/p>\n","protected":false},"author":20,"featured_media":472659,"comment_status":"closed","ping_status":"closed","sticky":false,"template":"","format":"standard","meta":[],"categories":[2198,3845],"tags":[70,5965],"_links":{"self":[{"href":"http:\/\/desarrollo.grupomedios.com\/futbol\/wp-json\/wp\/v2\/posts\/472657"}],"collection":[{"href":"http:\/\/desarrollo.grupomedios.com\/futbol\/wp-json\/wp\/v2\/posts"}],"about":[{"href":"http:\/\/desarrollo.grupomedios.com\/futbol\/wp-json\/wp\/v2\/types\/post"}],"author":[{"embeddable":true,"href":"http:\/\/desarrollo.grupomedios.com\/futbol\/wp-json\/wp\/v2\/users\/20"}],"replies":[{"embeddable":true,"href":"http:\/\/desarrollo.grupomedios.com\/futbol\/wp-json\/wp\/v2\/comments?post=472657"}],"version-history":[{"count":3,"href":"http:\/\/desarrollo.grupomedios.com\/futbol\/wp-json\/wp\/v2\/posts\/472657\/revisions"}],"predecessor-version":[{"id":472662,"href":"http:\/\/desarrollo.grupomedios.com\/futbol\/wp-json\/wp\/v2\/posts\/472657\/revisions\/472662"}],"wp:featuredmedia":[{"embeddable":true,"href":"http:\/\/desarrollo.grupomedios.com\/futbol\/wp-json\/wp\/v2\/media\/472659"}],"wp:attachment":[{"href":"http:\/\/desarrollo.grupomedios.com\/futbol\/wp-json\/wp\/v2\/media?parent=472657"}],"wp:term":[{"taxonomy":"category","embeddable":true,"href":"http:\/\/desarrollo.grupomedios.com\/futbol\/wp-json\/wp\/v2\/categories?post=472657"},{"taxonomy":"post_tag","embeddable":true,"href":"http:\/\/desarrollo.grupomedios.com\/futbol\/wp-json\/wp\/v2\/tags?post=472657"}],"curies":[{"name":"wp","href":"https:\/\/api.w.org\/{rel}","templated":true}]}}