{"id":472668,"date":"2017-04-07T16:52:54","date_gmt":"2017-04-07T21:52:54","guid":{"rendered":"https:\/\/www.futboltotal.com.mx\/?p=472668"},"modified":"2017-04-07T16:52:54","modified_gmt":"2017-04-07T21:52:54","slug":"se-seguire-la-proxima-temporada-zidane","status":"publish","type":"post","link":"http:\/\/desarrollo.grupomedios.com\/futbol\/futbol-internacional\/se-seguire-la-proxima-temporada-zidane\/2017\/04","title":{"rendered":"No s\u00e9 si seguir\u00e9 la pr\u00f3xima temporada: Zidane"},"content":{"rendered":"<p>Zinedine Zidane sorprendi\u00f3 a todos en v\u00edsperas del derbi madrile\u00f1o ante el Atl\u00e9tico de Madrid, dejando su futuro en el aire, admitiendo que no est\u00e1 preparando &#8220;nada&#8221; de la pr\u00f3xima temporada y pensando \u00fanicamente en el presente, con la exigencia de ganar alg\u00fan t\u00edtulo grande.<\/p>\n<p>Dej\u00f3 una coletilla Zidane en el final de una respuesta, &#8220;lo que pase despu\u00e9s del final de temporada no lo s\u00e9&#8221;, que dio paso a ser preguntado por su futuro y su continuidad la pr\u00f3xima campa\u00f1a. Su respuesta, inesperada, caus\u00f3 sorpresa.<\/p>\n<p style=\"text-align: center;\"><span style=\"color: #3366ff;\"><a style=\"color: #3366ff;\" href=\"https:\/\/www.futboltotal.com.mx\/2017\/04\/fabian-rescato-al-eintracht-frankfurt-ante-bremen\/\">LEER M\u00c1S: Marco Fabi\u00e1n rescat\u00f3 al Eintracht Frankfurt ante el Bremen<\/a><\/span><\/p>\n<blockquote><p>&#8220;No estoy seguro, por eso no preparo nada, lo que estoy haciendo es lo que me queda de esta temporada&#8221;, manifest\u00f3 en unas declaraciones que nadie en el madridismo esperaban.<\/p>\n<p>&#8220;La importancia de este club se sabe, yo la conozco, se lo que es este cargo y entrenar al Real Madrid, para lo bueno y para lo malo. Yo estoy preparado para todo. Por eso hablo siempre del partido siguiente que es lo que me interesa. Siempre va a ser as\u00ed hasta mi ultimo d\u00eda aqu\u00ed de entrenador. Solo pienso en los tres puntos en juego de ma\u00f1ana, el resto no se lo que va a pasar&#8221;, a\u00f1adi\u00f3.<\/p><\/blockquote>\n<p>Posteriormente, intent\u00f3 dejar un mensaje en tono m\u00e1s optimista, pero consciente de que la recta final de la temporada y la pelea por LaLiga y la Liga de Campeones, pueden marcar su futuro por su propia exigencia.<\/p>\n<p>&#8220;Soy siempre positivo, pase lo que pase en la vida. Tengo suerte de estar aqu\u00ed. Tengo la fortuna de hacer lo que me gusta todos los d\u00edas. Hay mucha gente en el mundo que no tiene esa suerte. Yo la aprovecho cada d\u00eda y soy positivo hasta final de temporada&#8221;, dijo sin querer hablar de la pr\u00f3xima. EFE<\/p>\n","protected":false},"excerpt":{"rendered":"<p>El franc\u00e9s dej\u00f3 en el aire su futuro como entrenador Merengue.<\/p>\n","protected":false},"author":144,"featured_media":449225,"comment_status":"closed","ping_status":"closed","sticky":false,"template":"","format":"standard","meta":[],"categories":[3839,3844],"tags":[5988,2215],"_links":{"self":[{"href":"http:\/\/desarrollo.grupomedios.com\/futbol\/wp-json\/wp\/v2\/posts\/472668"}],"collection":[{"href":"http:\/\/desarrollo.grupomedios.com\/futbol\/wp-json\/wp\/v2\/posts"}],"about":[{"href":"http:\/\/desarrollo.grupomedios.com\/futbol\/wp-json\/wp\/v2\/types\/post"}],"author":[{"embeddable":true,"href":"http:\/\/desarrollo.grupomedios.com\/futbol\/wp-json\/wp\/v2\/users\/144"}],"replies":[{"embeddable":true,"href":"http:\/\/desarrollo.grupomedios.com\/futbol\/wp-json\/wp\/v2\/comments?post=472668"}],"version-history":[{"count":1,"href":"http:\/\/desarrollo.grupomedios.com\/futbol\/wp-json\/wp\/v2\/posts\/472668\/revisions"}],"predecessor-version":[{"id":472673,"href":"http:\/\/desarrollo.grupomedios.com\/futbol\/wp-json\/wp\/v2\/posts\/472668\/revisions\/472673"}],"wp:featuredmedia":[{"embeddable":true,"href":"http:\/\/desarrollo.grupomedios.com\/futbol\/wp-json\/wp\/v2\/media\/449225"}],"wp:attachment":[{"href":"http:\/\/desarrollo.grupomedios.com\/futbol\/wp-json\/wp\/v2\/media?parent=472668"}],"wp:term":[{"taxonomy":"category","embeddable":true,"href":"http:\/\/desarrollo.grupomedios.com\/futbol\/wp-json\/wp\/v2\/categories?post=472668"},{"taxonomy":"post_tag","embeddable":true,"href":"http:\/\/desarrollo.grupomedios.com\/futbol\/wp-json\/wp\/v2\/tags?post=472668"}],"curies":[{"name":"wp","href":"https:\/\/api.w.org\/{rel}","templated":true}]}}