{"id":472788,"date":"2017-04-08T14:11:02","date_gmt":"2017-04-08T19:11:02","guid":{"rendered":"https:\/\/www.futboltotal.com.mx\/?p=472788"},"modified":"2017-04-08T14:11:02","modified_gmt":"2017-04-08T19:11:02","slug":"mi-en-madrid-depende-alguien-zidane","status":"publish","type":"post","link":"http:\/\/desarrollo.grupomedios.com\/futbol\/futbol-internacional\/mi-en-madrid-depende-alguien-zidane\/2017\/04","title":{"rendered":"Mi futuro en el Madrid depende de alguien m\u00e1s: Zidane"},"content":{"rendered":"<p><strong>Zinedine Zidane<\/strong> asegur\u00f3 que no est\u00e1 &#8220;tocado&#8221; pero s\u00ed &#8220;decepcionado&#8221; tras empatar en el derbi madrile\u00f1o ante el Atl\u00e9tico de Madrid, resultado que podr\u00eda entregar el liderato de LaLiga al Barcelona, y tras dejar su futuro en el aire en v\u00edsperas del partido, dijo que su futuro depende de &#8220;alguien m\u00e1s&#8221;.<\/p>\n<p><strong>Zidane<\/strong> sorprendi\u00f3 el viernes diciendo que no planifica la pr\u00f3xima pretemporada porque no es segura su continuidad. Todo hac\u00eda indicar que su mensaje iba destinado a condicionar su continuidad a la consecuci\u00f3n de un t\u00edtulo grande, LaLiga Santander o la Champions League.<\/p>\n<p style=\"text-align: center;\"><span style=\"color: #3366ff;\"><a style=\"color: #3366ff;\" href=\"https:\/\/www.futboltotal.com.mx\/2017\/04\/resultados-real-madrid-1-1-atletico-madrid-liga-espana\/\">LEER M\u00c1S: Griezmann impidi\u00f3 victoria del Real Madrid<\/a><\/span><\/p>\n<p>Tras el empate en el derbi (1-1) no se retract\u00f3 pero si dej\u00f3 ver que la continuidad depende tambi\u00e9n del presidente Florentino P\u00e9rez.<\/p>\n<p>&#8220;Siempre voy a sonre\u00edr hasta final de temporada. Hay que preguntar a alguien m\u00e1s, no a m\u00ed, yo me dedico a entrenar fuerte a diario, con la ilusi\u00f3n que te da esta camiseta y este club. El resto no voy a especular. Miro el d\u00eda a d\u00eda&#8221;, manifest\u00f3 tras ver el revuelo de su frase. EFE<\/p>\n","protected":false},"excerpt":{"rendered":"<p>El franc\u00e9s se dijo decepcionado y no asegur\u00f3 su continuidad.<\/p>\n","protected":false},"author":144,"featured_media":449224,"comment_status":"closed","ping_status":"closed","sticky":false,"template":"","format":"standard","meta":[],"categories":[3839,3844],"tags":[6007,1913,5988],"_links":{"self":[{"href":"http:\/\/desarrollo.grupomedios.com\/futbol\/wp-json\/wp\/v2\/posts\/472788"}],"collection":[{"href":"http:\/\/desarrollo.grupomedios.com\/futbol\/wp-json\/wp\/v2\/posts"}],"about":[{"href":"http:\/\/desarrollo.grupomedios.com\/futbol\/wp-json\/wp\/v2\/types\/post"}],"author":[{"embeddable":true,"href":"http:\/\/desarrollo.grupomedios.com\/futbol\/wp-json\/wp\/v2\/users\/144"}],"replies":[{"embeddable":true,"href":"http:\/\/desarrollo.grupomedios.com\/futbol\/wp-json\/wp\/v2\/comments?post=472788"}],"version-history":[{"count":1,"href":"http:\/\/desarrollo.grupomedios.com\/futbol\/wp-json\/wp\/v2\/posts\/472788\/revisions"}],"predecessor-version":[{"id":472789,"href":"http:\/\/desarrollo.grupomedios.com\/futbol\/wp-json\/wp\/v2\/posts\/472788\/revisions\/472789"}],"wp:featuredmedia":[{"embeddable":true,"href":"http:\/\/desarrollo.grupomedios.com\/futbol\/wp-json\/wp\/v2\/media\/449224"}],"wp:attachment":[{"href":"http:\/\/desarrollo.grupomedios.com\/futbol\/wp-json\/wp\/v2\/media?parent=472788"}],"wp:term":[{"taxonomy":"category","embeddable":true,"href":"http:\/\/desarrollo.grupomedios.com\/futbol\/wp-json\/wp\/v2\/categories?post=472788"},{"taxonomy":"post_tag","embeddable":true,"href":"http:\/\/desarrollo.grupomedios.com\/futbol\/wp-json\/wp\/v2\/tags?post=472788"}],"curies":[{"name":"wp","href":"https:\/\/api.w.org\/{rel}","templated":true}]}}