{"id":472829,"date":"2017-04-08T16:34:45","date_gmt":"2017-04-08T21:34:45","guid":{"rendered":"https:\/\/www.futboltotal.com.mx\/?p=472829"},"modified":"2017-04-08T16:35:58","modified_gmt":"2017-04-08T21:35:58","slug":"muere-paracaidista-mexicano-en-panama","status":"publish","type":"post","link":"http:\/\/desarrollo.grupomedios.com\/futbol\/no-todo-es-futbol\/muere-paracaidista-mexicano-en-panama\/2017\/04","title":{"rendered":"Muere paracaidista mexicano en Panam\u00e1"},"content":{"rendered":"<p>El mexicano <strong>Jos\u00e9 Rubalcaba<\/strong> muri\u00f3 hoy en un salto de ensayo en la isla paname\u00f1a de Contadora, donde este domingo m\u00e1s de 100 paracaidistas buscan establecer un nuevo r\u00e9cord de ca\u00edda libre en conjunto, informaron los organizadores del <em>Pepe&#8217;s Island Boogie Panam\u00e1<\/em>.<\/p>\n<p>El mexicano, con 650 saltos acumulados, falleci\u00f3 al lanzarse desde los 12.500 pies (3.812,5 metros) junto a otros 20 paracaidistas en Isla Contadora, en el Pac\u00edfico paname\u00f1o, y pese a que el paraca\u00eddas abri\u00f3 correctamente a los 3.500 pies (1.067,5 metros), seg\u00fan sus colegas, tuvo problemas al aterrizar.<\/p>\n<p>De acuerdo con el comunicado difundido por uno de los organizadores de la competici\u00f3n en su cuenta de Twitter, &#8220;varios participantes del salto dan fe de que su paraca\u00eddas abri\u00f3 perfectamente y Jos\u00e9 se encontraba en total control del mismo&#8221;.<\/p>\n<p>&#8220;Lamentablemente durante su maniobra de aterrizaje tuvo un percance y termin\u00f3 con un fuerte impacto al aterrizar&#8221; y los socorristas nada pudieron hacer por \u00e9l, porque ya no ten\u00eda signos vitales cuando lo auxiliaron, explica.<\/p>\n<blockquote class=\"twitter-tweet\" data-lang=\"es\">\n<p dir=\"ltr\" lang=\"es\">\u00a1Paz a su alma! Comunicado oficial por parte de Pepes Island Boogie por la muerte de paracaidista. <a href=\"https:\/\/t.co\/lFAXV5TAi4\">pic.twitter.com\/lFAXV5TAi4<\/a><\/p>\n<p>\u2014 TelemetroRadio (@TelemetroRadio) <a href=\"https:\/\/twitter.com\/TelemetroRadio\/status\/850729667267092481\">8 de abril de 2017<\/a><\/p><\/blockquote>\n<p><script async src=\"\/\/platform.twitter.com\/widgets.js\" charset=\"utf-8\"><\/script><\/p>\n<p>El Ministerio P\u00fablico se hizo cargo del levantamiento del cad\u00e1ver y realiza las respectivas investigaciones, acota, al tiempo que los organizadores expresan su pesar &#8220;por esta lamentable p\u00e9rdida&#8221;, a los familiares y amigos de Rubalcaba.<\/p>\n<p>Un grupo de 120 paracaidistas procedentes de 17 pa\u00edses intentar\u00e1n este domingo establecer un nuevo r\u00e9cord en salto en ca\u00edda libre en conjunto, en la cuarta edici\u00f3n del &#8216;Pepe&#8217;s Island Boogie Panam\u00e1&#8217;. Hasta el momento no se ha dicho si se cancelar\u00e1 la actividad.<\/p>\n<p style=\"text-align: center;\"><span style=\"color: #3366ff;\"><a style=\"color: #3366ff;\" href=\"https:\/\/www.futboltotal.com.mx\/2017\/04\/mexico-eu-y-canada-haran-anuncio-historico-sobre-mundial-2026\/\" target=\"_blank\"><strong>LEER M\u00c1S: M\u00e9xico, EU y Canad\u00e1 realizar\u00e1n anuncio hist\u00f3rico el lunes<\/strong><\/a><\/span><\/p>\n<p>La prueba se realizar\u00e1 en la isla de Contadora, en el archipi\u00e9lago de Las Perlas, oc\u00e9ano Pac\u00edfico paname\u00f1o, precis\u00f3, por su lado, la Autoridad de Turismo de Panam\u00e1 (ATP) en un comunicado.<\/p>\n<p>Al torneo que pretende convertirse en un referente del paracaidismo internacional, concurren figuras mundiales como Fernando Gallegos de Per\u00fa, que cuenta con m\u00e1s de 400 saltos de formaci\u00f3n; Scott Callantirle y Travis Mickle, de Estados Unidos, quienes hacen saltos usando el traje de &#8220;Ardilla Voladora&#8221;.<\/p>\n<p>El certamen se inici\u00f3 el pasado martes con la participaci\u00f3n de experimentados deportistas y principiantes, de acuerdo con la ATP, y tendr\u00e1 su final el pr\u00f3ximo domingo, cuando los paracaidistas tratar\u00e1n de imponer una nueva marca en salto libre.<\/p>\n<p>Shacalo indic\u00f3 que el a\u00f1o pasado el salto conjunto fue realizado por 16 deportistas. Para la prueba crucial de este deporte extremo ya se alistan representantes de Alemania, Argentina, Australia, Brasil, Canad\u00e1, Colombia, Espa\u00f1a, Estados Unidos, Hungr\u00eda, Inglaterra, M\u00e9xico, Paraguay, Per\u00fa, Sud\u00e1frica, Suiza, Venezuela y Panam\u00e1, quienes m\u00ednimo tienen que haber realizado 300 saltos o contar con una licencia C.<\/p>\n<p><strong>S\u00edguenos en Twitter<\/strong>: <a href=\"https:\/\/twitter.com\/MXFutbolTotal\" target=\"_blank\">@MXFutbolTotal<\/a><\/p>\n","protected":false},"excerpt":{"rendered":"<p>El experimentado Jos\u00e9 Rubalcaba fallece en tierras canaleras, durante ensayo.<\/p>\n","protected":false},"author":144,"featured_media":472831,"comment_status":"closed","ping_status":"closed","sticky":false,"template":"","format":"standard","meta":[],"categories":[5418,6411],"tags":[5461],"_links":{"self":[{"href":"http:\/\/desarrollo.grupomedios.com\/futbol\/wp-json\/wp\/v2\/posts\/472829"}],"collection":[{"href":"http:\/\/desarrollo.grupomedios.com\/futbol\/wp-json\/wp\/v2\/posts"}],"about":[{"href":"http:\/\/desarrollo.grupomedios.com\/futbol\/wp-json\/wp\/v2\/types\/post"}],"author":[{"embeddable":true,"href":"http:\/\/desarrollo.grupomedios.com\/futbol\/wp-json\/wp\/v2\/users\/144"}],"replies":[{"embeddable":true,"href":"http:\/\/desarrollo.grupomedios.com\/futbol\/wp-json\/wp\/v2\/comments?post=472829"}],"version-history":[{"count":4,"href":"http:\/\/desarrollo.grupomedios.com\/futbol\/wp-json\/wp\/v2\/posts\/472829\/revisions"}],"predecessor-version":[{"id":472834,"href":"http:\/\/desarrollo.grupomedios.com\/futbol\/wp-json\/wp\/v2\/posts\/472829\/revisions\/472834"}],"wp:featuredmedia":[{"embeddable":true,"href":"http:\/\/desarrollo.grupomedios.com\/futbol\/wp-json\/wp\/v2\/media\/472831"}],"wp:attachment":[{"href":"http:\/\/desarrollo.grupomedios.com\/futbol\/wp-json\/wp\/v2\/media?parent=472829"}],"wp:term":[{"taxonomy":"category","embeddable":true,"href":"http:\/\/desarrollo.grupomedios.com\/futbol\/wp-json\/wp\/v2\/categories?post=472829"},{"taxonomy":"post_tag","embeddable":true,"href":"http:\/\/desarrollo.grupomedios.com\/futbol\/wp-json\/wp\/v2\/tags?post=472829"}],"curies":[{"name":"wp","href":"https:\/\/api.w.org\/{rel}","templated":true}]}}