{"id":473013,"date":"2017-04-09T13:33:23","date_gmt":"2017-04-09T18:33:23","guid":{"rendered":"https:\/\/www.futboltotal.com.mx\/?p=473013"},"modified":"2017-04-09T13:33:23","modified_gmt":"2017-04-09T18:33:23","slug":"bayern-pierde-a-hummels-enfrentar-al-real-madrid","status":"publish","type":"post","link":"http:\/\/desarrollo.grupomedios.com\/futbol\/futbol-internacional\/bayern-pierde-a-hummels-enfrentar-al-real-madrid\/2017\/04","title":{"rendered":"Bayern pierde a Hummels para enfrentar al Real Madrid"},"content":{"rendered":"<p><strong>Matts Hummels<\/strong>, defensa central del <strong>Bayern M\u00fanich<\/strong>, se retir\u00f3 hoy del entrenamiento por problemas en el tobillo derecho y no jugar\u00e1 este mi\u00e9rcoles ante el Real Madrid, inform\u00f3 el club b\u00e1varo en un comunicado.<\/p>\n<blockquote><p>&#8220;El mi\u00e9rcoles seguro que no estoy en el campo&#8221;, dijo Hummels posteriormente en declaraciones al diario <em>Bild<\/em>\u00a0en relaci\u00f3n al partido de ida de los cuartos de final de la Liga de Campeones que disputa el equipo b\u00e1varo contra los blancos en tres d\u00edas.<\/p><\/blockquote>\n<p style=\"text-align: center;\"><a href=\"https:\/\/www.futboltotal.com.mx\/futbol-internacional\/\"><span style=\"color: #3366ff;\">VER M\u00c1S: Todas las noticias de futbol internacional<\/span><\/a><\/p>\n<p>El jugador sufre una &#8220;distorsi\u00f3n de la parte superior del tobillo derecho&#8221; y tiene afectado el &#8220;ligamento capsular&#8221;, seg\u00fan la breve nota del Bayern.<\/p>\n<p>El internacional germano, que jug\u00f3 11 minutos ante el Dortmund tras sustituir a Javi Mart\u00ednez, tuvo que abandonar la sesi\u00f3n de trabajo dirigida por Carlo Ancelotti tras 35 minutos al sufrir un fuerte choque con un compa\u00f1ero durante un rondo.<\/p>\n<p><strong>Hummels<\/strong> tuvo que abandonar el entrenamiento en camilla y con visibles gestos de dolor, seg\u00fan <em>Bild<\/em>.<\/p>\n<p>De momento, no hay parte m\u00e9dico oficial sobre el alcance de la lesi\u00f3n del defensa del cuadro b\u00e1varo.<\/p>\n<p>Por lo menos, Ancelotti puede sonre\u00edr con el regreso del brasile\u00f1o Douglas Costa, que reapareci\u00f3 ante el Dortmund despu\u00e9s de perderse por lesi\u00f3n los \u00faltimos tres partidos oficiales del Bayern. Sin embargo, el portero Manuel Neuer hoy no se entren\u00f3 y es una inc\u00f3gnita si estar\u00e1 ante el Real Madrid.<\/p>\n<p>El internacional germano tiene problemas en un gemelo y se ha perdido los partidos ante Augsburgo, Hoffenheim y Dortmund. Es posible que haya sufrido un frenazo en su recuperaci\u00f3n y se espera que regrese a tiempo para jugar el mi\u00e9rcoles.<\/p>\n<p><strong>S\u00edguenos en Twitter<\/strong>: <a href=\"https:\/\/twitter.com\/MXFutbolTotal\" target=\"_blank\">@MXFutbolTotal<\/a><\/p>\n","protected":false},"excerpt":{"rendered":"<p>Los b\u00e1varos tambi\u00e9n est\u00e1n a la espera de poder contar con el arquero Manuel Neuer.<\/p>\n","protected":false},"author":20,"featured_media":473014,"comment_status":"closed","ping_status":"closed","sticky":false,"template":"","format":"standard","meta":[],"categories":[3841,3839],"tags":[2056,6083],"_links":{"self":[{"href":"http:\/\/desarrollo.grupomedios.com\/futbol\/wp-json\/wp\/v2\/posts\/473013"}],"collection":[{"href":"http:\/\/desarrollo.grupomedios.com\/futbol\/wp-json\/wp\/v2\/posts"}],"about":[{"href":"http:\/\/desarrollo.grupomedios.com\/futbol\/wp-json\/wp\/v2\/types\/post"}],"author":[{"embeddable":true,"href":"http:\/\/desarrollo.grupomedios.com\/futbol\/wp-json\/wp\/v2\/users\/20"}],"replies":[{"embeddable":true,"href":"http:\/\/desarrollo.grupomedios.com\/futbol\/wp-json\/wp\/v2\/comments?post=473013"}],"version-history":[{"count":1,"href":"http:\/\/desarrollo.grupomedios.com\/futbol\/wp-json\/wp\/v2\/posts\/473013\/revisions"}],"predecessor-version":[{"id":473015,"href":"http:\/\/desarrollo.grupomedios.com\/futbol\/wp-json\/wp\/v2\/posts\/473013\/revisions\/473015"}],"wp:featuredmedia":[{"embeddable":true,"href":"http:\/\/desarrollo.grupomedios.com\/futbol\/wp-json\/wp\/v2\/media\/473014"}],"wp:attachment":[{"href":"http:\/\/desarrollo.grupomedios.com\/futbol\/wp-json\/wp\/v2\/media?parent=473013"}],"wp:term":[{"taxonomy":"category","embeddable":true,"href":"http:\/\/desarrollo.grupomedios.com\/futbol\/wp-json\/wp\/v2\/categories?post=473013"},{"taxonomy":"post_tag","embeddable":true,"href":"http:\/\/desarrollo.grupomedios.com\/futbol\/wp-json\/wp\/v2\/tags?post=473013"}],"curies":[{"name":"wp","href":"https:\/\/api.w.org\/{rel}","templated":true}]}}