{"id":473161,"date":"2017-04-10T10:46:41","date_gmt":"2017-04-10T15:46:41","guid":{"rendered":"https:\/\/www.futboltotal.com.mx\/?p=473161"},"modified":"2017-04-10T10:46:41","modified_gmt":"2017-04-10T15:46:41","slug":"higuera-aseguro-chivas-tv-morira-esta-firme-nunca","status":"publish","type":"post","link":"http:\/\/desarrollo.grupomedios.com\/futbol\/futbol-mexicano\/higuera-aseguro-chivas-tv-morira-esta-firme-nunca\/2017\/04","title":{"rendered":"Higuera asegur\u00f3: &#8220;Chivas TV no morir\u00e1, est\u00e1 m\u00e1s firme que nunca&#8221;"},"content":{"rendered":"<p>El pol\u00e9mico <strong>Jos\u00e9 Luis Higuera<\/strong>, CEO de Grupo Omnilife-<strong>Chivas<\/strong>, ha seguido con sus declaraciones d\u00edas despu\u00e9s\u00a0de que se revelara que el <em>Reba\u00f1o<\/em> lleg\u00f3 a un acuerdo para volver a ser transmito por <strong>Televisa<\/strong> v\u00eda <strong>TDN<\/strong> y <strong>Blim<\/strong>, asegurando que la plataforma <strong>Chivas TV<\/strong> es un proyecto que continuar\u00e1 de forma firme.<\/p>\n<p>&#8220;No va a morir. Est\u00e1 m\u00e1s firme que nunca. Si te fijas, el que manda el comunicado es Chivas TV. Quien se suma a la distribuci\u00f3n es TDN, entonces sigue Chivas TV, Cin\u00e9polis Klic, Claro y ahora en televisi\u00f3n restringida est\u00e1 el nuevo canal. Chivas TV sigue m\u00e1s firme que nunca. Vamos a ofrecer contenidos, vamos a competir y el precio de la plataforma va a bajar much\u00edsimo para la temporada siguiente&#8221;, dijo el directivo en entrevista para el diario El Universal.<\/p>\n<p style=\"text-align: center;\"><a href=\"https:\/\/www.futboltotal.com.mx\/2017\/04\/las-redes-trollean-al-veracruz-invitar-al-clasico-del-sur\/\">VER M\u00c1S: \u00bfLas redes trollean al Veracruz por invitar al Cl\u00e1sico del Sur?<\/a><\/p>\n<p>Muchos aficionados de Chivas y suscriptores del servicio Chivas TV manifestaron su molestia al ver como una mala inversi\u00f3n haber contratado el servicio de streaming para que hace unos d\u00edas se anunciara la vuelta de las transmisiones a Televisa, aunque Higuera neg\u00f3 toda posibilidad de reembolso ya que no dejar\u00e1n de dar el servicio.<\/p>\n<p>&#8220;No creo (que los suscriptores hicieran una mala inversi\u00f3n). La suscripci\u00f3n anual termina en dos partidos. Nada m\u00e1s quedan <strong>Puebla <\/strong>y <strong>Le\u00f3n<\/strong>. \u00bfPor qu\u00e9 vamos a reembolsar algo que se adquiri\u00f3 si el servicio se dar\u00e1? Terminamos el torneo y ah\u00ed acaba. La transmisi\u00f3n se va a dar, no veo por qu\u00e9 tengamos que regresar el dinero&#8221;, agreg\u00f3.<\/p>\n<p style=\"text-align: center;\"><a href=\"https:\/\/www.futboltotal.com.mx\/2017\/04\/elige-mejor-gol-la-jornada-13-del-clausura-2017\/\">VER M\u00c1S: Elige el mejor gol de la Jornada 13 del Clausura 2017<\/a><\/p>\n<p class=\"p1\"><span class=\"s1\"><b>S\u00edguenos en Twitter<\/b>:\u00a0<a href=\"https:\/\/twitter.com\/MXFutbolTotal\"><span class=\"s2\">@MXFutbolTotal<\/span><\/a><\/span><\/p>\n","protected":false},"excerpt":{"rendered":"<p>Higuera, CEO de Chivas, descart\u00f3 que la plataforma Chivas TV vaya a reembolsar a sus suscriptores.<\/p>\n","protected":false},"author":20,"featured_media":462069,"comment_status":"closed","ping_status":"closed","sticky":false,"template":"","format":"standard","meta":[],"categories":[2198,3845],"tags":[70,7110,7732,5963,7884,64,387,8446,4722],"_links":{"self":[{"href":"http:\/\/desarrollo.grupomedios.com\/futbol\/wp-json\/wp\/v2\/posts\/473161"}],"collection":[{"href":"http:\/\/desarrollo.grupomedios.com\/futbol\/wp-json\/wp\/v2\/posts"}],"about":[{"href":"http:\/\/desarrollo.grupomedios.com\/futbol\/wp-json\/wp\/v2\/types\/post"}],"author":[{"embeddable":true,"href":"http:\/\/desarrollo.grupomedios.com\/futbol\/wp-json\/wp\/v2\/users\/20"}],"replies":[{"embeddable":true,"href":"http:\/\/desarrollo.grupomedios.com\/futbol\/wp-json\/wp\/v2\/comments?post=473161"}],"version-history":[{"count":1,"href":"http:\/\/desarrollo.grupomedios.com\/futbol\/wp-json\/wp\/v2\/posts\/473161\/revisions"}],"predecessor-version":[{"id":473164,"href":"http:\/\/desarrollo.grupomedios.com\/futbol\/wp-json\/wp\/v2\/posts\/473161\/revisions\/473164"}],"wp:featuredmedia":[{"embeddable":true,"href":"http:\/\/desarrollo.grupomedios.com\/futbol\/wp-json\/wp\/v2\/media\/462069"}],"wp:attachment":[{"href":"http:\/\/desarrollo.grupomedios.com\/futbol\/wp-json\/wp\/v2\/media?parent=473161"}],"wp:term":[{"taxonomy":"category","embeddable":true,"href":"http:\/\/desarrollo.grupomedios.com\/futbol\/wp-json\/wp\/v2\/categories?post=473161"},{"taxonomy":"post_tag","embeddable":true,"href":"http:\/\/desarrollo.grupomedios.com\/futbol\/wp-json\/wp\/v2\/tags?post=473161"}],"curies":[{"name":"wp","href":"https:\/\/api.w.org\/{rel}","templated":true}]}}