{"id":473171,"date":"2017-04-10T11:42:35","date_gmt":"2017-04-10T16:42:35","guid":{"rendered":"https:\/\/www.futboltotal.com.mx\/?p=473171"},"modified":"2017-04-10T11:43:16","modified_gmt":"2017-04-10T16:43:16","slug":"otro-clasico-de-leyendas-entre-real-madrid-y-barcelona","status":"publish","type":"post","link":"http:\/\/desarrollo.grupomedios.com\/futbol\/futbol-internacional\/otro-clasico-de-leyendas-entre-real-madrid-y-barcelona\/2017\/04","title":{"rendered":"Habr\u00e1 cl\u00e1sico de leyendas entre Real Madrid y Barcelona"},"content":{"rendered":"<p>El <strong>Cl\u00e1sico<\/strong> del f\u00fatbol espa\u00f1ol que acoge el estadio Santiago Bernab\u00e9u el 23 del presente abril, tendr\u00e1 continuaci\u00f3n cinco d\u00edas despu\u00e9s en un <strong>Real Madrid<\/strong>&#8211;<strong>Barcelona<\/strong> de leyendas, que se medir\u00e1n en el Camille Chamoun Sports City Stadium de Beirut (L\u00edbano), con el gran atractivo de ver a Ronaldinho otra vez de <em>azulgrana.<\/em><\/p>\n<p>El Cl\u00e1sico de Leyendas se trasladar\u00e1 a Beirut para mostrar al mundo un enfrentamiento entre Real Madrid y Barcelona, con sus equipos integrados por futbolistas que han marcado una \u00e9poca en dos eternos enemigos.<\/p>\n<p style=\"text-align: center;\"><span style=\"color: #3366ff;\">VER M\u00c1S: Todas las noticias de futbol internacional\u00a0<\/span><\/p>\n<p style=\"text-align: center;\"><a href=\"https:\/\/www.futboltotal.com.mx\/wp-content\/uploads\/2017\/04\/Ronaldinho-.jpg\"><img decoding=\"async\" loading=\"lazy\" class=\"alignnone size-full wp-image-473172\" src=\"https:\/\/www.futboltotal.com.mx\/wp-content\/uploads\/2017\/04\/Ronaldinho-.jpg\" alt=\"Habr\u00e1 cl\u00e1sico de leyendas entre Real Madrid y Barcelona 0\" srcset=\"http:\/\/desarrollo.grupomedios.com\/futbol\/wp-content\/uploads\/2017\/04\/Ronaldinho-.jpg 1080w, http:\/\/desarrollo.grupomedios.com\/futbol\/wp-content\/uploads\/2017\/04\/Ronaldinho--150x150.jpg 150w, http:\/\/desarrollo.grupomedios.com\/futbol\/wp-content\/uploads\/2017\/04\/Ronaldinho--300x300.jpg 300w, http:\/\/desarrollo.grupomedios.com\/futbol\/wp-content\/uploads\/2017\/04\/Ronaldinho--768x768.jpg 768w, http:\/\/desarrollo.grupomedios.com\/futbol\/wp-content\/uploads\/2017\/04\/Ronaldinho--1024x1024.jpg 1024w\" sizes=\"(max-width: 1080px) 100vw, 1080px\" \/><\/a><\/p>\n<p>El viernes 28 de abril se disputar\u00e1 un partido que ha levantado mucha expectaci\u00f3n en L\u00edbano, tras el anuncio realizado por el brasile\u00f1o Ronaldinho en redes sociales, un cartel del que es portada con camiseta del Barcelona celebrando un gol y con un hastag que se\u00f1ala que &#8220;est\u00e1 de vuelta&#8221;.<\/p>\n<p>El Real Madrid de veteranos recientemente ha jugado ante el Liverpool en Anfield con futbolistas de la talla de Roberto Carlos, Luis Figo o Fernando Morientes.<\/p>\n<p><span style=\"color: #3366ff;\"><strong>S\u00edguenos en Twitter:<a style=\"color: #3366ff;\" href=\"https:\/\/twitter.com\/MXFutbolTotal\"> @MXFutbolTotal<\/a><\/strong><\/span><\/p>\n","protected":false},"excerpt":{"rendered":"<p>Ronaldinho ser\u00e1 uno de los grandes invitados y jugar\u00e1 de nuevo el Cl\u00e1sico con el Barcelona. <\/p>\n","protected":false},"author":20,"featured_media":473175,"comment_status":"closed","ping_status":"closed","sticky":false,"template":"","format":"standard","meta":[],"categories":[3839],"tags":[5984,1158,5988],"_links":{"self":[{"href":"http:\/\/desarrollo.grupomedios.com\/futbol\/wp-json\/wp\/v2\/posts\/473171"}],"collection":[{"href":"http:\/\/desarrollo.grupomedios.com\/futbol\/wp-json\/wp\/v2\/posts"}],"about":[{"href":"http:\/\/desarrollo.grupomedios.com\/futbol\/wp-json\/wp\/v2\/types\/post"}],"author":[{"embeddable":true,"href":"http:\/\/desarrollo.grupomedios.com\/futbol\/wp-json\/wp\/v2\/users\/20"}],"replies":[{"embeddable":true,"href":"http:\/\/desarrollo.grupomedios.com\/futbol\/wp-json\/wp\/v2\/comments?post=473171"}],"version-history":[{"count":1,"href":"http:\/\/desarrollo.grupomedios.com\/futbol\/wp-json\/wp\/v2\/posts\/473171\/revisions"}],"predecessor-version":[{"id":473176,"href":"http:\/\/desarrollo.grupomedios.com\/futbol\/wp-json\/wp\/v2\/posts\/473171\/revisions\/473176"}],"wp:featuredmedia":[{"embeddable":true,"href":"http:\/\/desarrollo.grupomedios.com\/futbol\/wp-json\/wp\/v2\/media\/473175"}],"wp:attachment":[{"href":"http:\/\/desarrollo.grupomedios.com\/futbol\/wp-json\/wp\/v2\/media?parent=473171"}],"wp:term":[{"taxonomy":"category","embeddable":true,"href":"http:\/\/desarrollo.grupomedios.com\/futbol\/wp-json\/wp\/v2\/categories?post=473171"},{"taxonomy":"post_tag","embeddable":true,"href":"http:\/\/desarrollo.grupomedios.com\/futbol\/wp-json\/wp\/v2\/tags?post=473171"}],"curies":[{"name":"wp","href":"https:\/\/api.w.org\/{rel}","templated":true}]}}