{"id":473269,"date":"2017-04-10T18:24:25","date_gmt":"2017-04-10T23:24:25","guid":{"rendered":"https:\/\/www.futboltotal.com.mx\/?p=473269"},"modified":"2017-04-10T18:24:25","modified_gmt":"2017-04-10T23:24:25","slug":"chivas-da-a-conocer-horario-la-final-copa-mx","status":"publish","type":"post","link":"http:\/\/desarrollo.grupomedios.com\/futbol\/futbol-mexicano\/chivas-da-a-conocer-horario-la-final-copa-mx\/2017\/04","title":{"rendered":"Chivas da a conocer el horario de la Final de Copa MX"},"content":{"rendered":"<p><strong>Guadalajara<\/strong> public\u00f3 el horario en el que se disputar\u00e1 la final de Copa MX ante <strong>Morelia<\/strong> el pr\u00f3ximo 19 de abril en el Estadio de Chivas, misma que ser\u00e1 en exclusiva por Chivas TV, plataforma del conjunto tapat\u00edo.<\/p>\n<p>El juego se disputar\u00e1 a las 21:06 hrs y se espera que se un duelo que saque chispas, pues es la primera final que recibir\u00e1 el Reba\u00f1o desde que regres\u00f3 el torneo m\u00e1s antiguo de M\u00e9xico.<\/p>\n<p style=\"text-align: center;\"><a href=\"https:\/\/www.futboltotal.com.mx\/2017\/04\/causa-efecto-carlos-fierro\/\" target=\"_blank\">LEER M\u00c1S: Causa y efecto de\u2026 Carlos Fierro<\/a><\/p>\n<blockquote><p>&#8220;El compromiso copero se llevar\u00e1 a cabo el pr\u00f3ximo mi\u00e9rcoles 19 de abril a las 21:06 en la Fortaleza Rojiblanca. Dicho encuentro significar\u00e1 la primera oportunidad para levantar un t\u00edtulo oficial del Primer Equipo en casa.&#8221; Se puede leer en el comunicado.<\/p><\/blockquote>\n<p>&nbsp;<\/p>\n<blockquote class=\"twitter-tweet\" data-lang=\"es\">\n<p dir=\"ltr\" lang=\"es\">&#x1f558; ChivaHermanos, este es el horario en que nos jugaremos la <a href=\"https:\/\/twitter.com\/hashtag\/FinalCopaMX?src=hash\">#FinalCopaMX<\/a> &#x1f1eb;&#x1f1f7;&#x1f3c6; &#x1f449;<a href=\"https:\/\/t.co\/udafRvITLS\">https:\/\/t.co\/udafRvITLS<\/a> <a href=\"https:\/\/t.co\/HvbtPri2vr\">pic.twitter.com\/HvbtPri2vr<\/a><\/p>\n<p>\u2014 CHIVAS (@Chivas) <a href=\"https:\/\/twitter.com\/Chivas\/status\/851562838137155585\">10 de abril de 2017<\/a><\/p><\/blockquote>\n<p><script async src=\"\/\/platform.twitter.com\/widgets.js\" charset=\"utf-8\"><\/script><\/p>\n","protected":false},"excerpt":{"rendered":"<p>El encuentro ser\u00e1 en horario estelar.<\/p>\n","protected":false},"author":20,"featured_media":473270,"comment_status":"closed","ping_status":"closed","sticky":false,"template":"","format":"standard","meta":[],"categories":[4247,2198],"tags":[70,5967],"_links":{"self":[{"href":"http:\/\/desarrollo.grupomedios.com\/futbol\/wp-json\/wp\/v2\/posts\/473269"}],"collection":[{"href":"http:\/\/desarrollo.grupomedios.com\/futbol\/wp-json\/wp\/v2\/posts"}],"about":[{"href":"http:\/\/desarrollo.grupomedios.com\/futbol\/wp-json\/wp\/v2\/types\/post"}],"author":[{"embeddable":true,"href":"http:\/\/desarrollo.grupomedios.com\/futbol\/wp-json\/wp\/v2\/users\/20"}],"replies":[{"embeddable":true,"href":"http:\/\/desarrollo.grupomedios.com\/futbol\/wp-json\/wp\/v2\/comments?post=473269"}],"version-history":[{"count":1,"href":"http:\/\/desarrollo.grupomedios.com\/futbol\/wp-json\/wp\/v2\/posts\/473269\/revisions"}],"predecessor-version":[{"id":473271,"href":"http:\/\/desarrollo.grupomedios.com\/futbol\/wp-json\/wp\/v2\/posts\/473269\/revisions\/473271"}],"wp:featuredmedia":[{"embeddable":true,"href":"http:\/\/desarrollo.grupomedios.com\/futbol\/wp-json\/wp\/v2\/media\/473270"}],"wp:attachment":[{"href":"http:\/\/desarrollo.grupomedios.com\/futbol\/wp-json\/wp\/v2\/media?parent=473269"}],"wp:term":[{"taxonomy":"category","embeddable":true,"href":"http:\/\/desarrollo.grupomedios.com\/futbol\/wp-json\/wp\/v2\/categories?post=473269"},{"taxonomy":"post_tag","embeddable":true,"href":"http:\/\/desarrollo.grupomedios.com\/futbol\/wp-json\/wp\/v2\/tags?post=473269"}],"curies":[{"name":"wp","href":"https:\/\/api.w.org\/{rel}","templated":true}]}}