{"id":473272,"date":"2017-04-10T19:11:19","date_gmt":"2017-04-11T00:11:19","guid":{"rendered":"https:\/\/www.futboltotal.com.mx\/?p=473272"},"modified":"2017-04-10T19:11:19","modified_gmt":"2017-04-11T00:11:19","slug":"a-la-aficion-le-gusto-regresamos-a-televisa-higuera","status":"publish","type":"post","link":"http:\/\/desarrollo.grupomedios.com\/futbol\/futbol-mexicano\/a-la-aficion-le-gusto-regresamos-a-televisa-higuera\/2017\/04","title":{"rendered":"\u201cA la afici\u00f3n no le gust\u00f3 que regresamos a Televisa\u201d: Higuera"},"content":{"rendered":"<p>Luego de que <strong>Chivas<\/strong> regresara el pasado s\u00e1bado a Televisa a trav\u00e9s de la se\u00f1al de <em>TDN<\/em>, el CEO de <strong>Guadalajara<\/strong> volvi\u00f3 a dar de que hablar, pues en una entrevista para Radio F\u00f3rmula, inform\u00f3 que a la afici\u00f3n no le gust\u00f3 que regresar\u00e1n con dicha televisora.<\/p>\n<blockquote><p>&#8220;Se dio esta situaci\u00f3n y creo que a la afici\u00f3n no le ha gustado que regresamos a Televisa, pero hay contratos, y ellos ten\u00edan en un cl\u00e1usula la prioridad y se quedaron con la se\u00f1al\u201d, coment\u00f3 el directivo.<\/p><\/blockquote>\n<p><strong>Jos\u00e9 Luis Higuera<\/strong> declar\u00f3 que el equipo pudo haber firmado por cualquier canal deportivo, pero que Televisa contaba con una cl\u00e1usula que ten\u00edan desde antes de su salida, es por esto que la prioridad era para ellos.<\/p>\n<p style=\"text-align: center;\"><span style=\"color: #3366ff;\"><a style=\"color: #3366ff;\" href=\"https:\/\/www.futboltotal.com.mx\/2017\/04\/trump-nos-apoya-solicito-mexico-se-sumara-gulati\/\" target=\"_blank\">LEER M\u00c1S: \u201cTrump nos apoya y hasta solicit\u00f3 que M\u00e9xico se sumara\u201d: Gulati<\/a><\/span><\/p>\n<blockquote><p>&#8220;Institucionalmente, pod\u00eda ser cualquier canal deportivo o cadena de cable. Para nosotros, en esta ocasi\u00f3n en la decisi\u00f3n hab\u00eda un punto donde contractualmente Televisa se lo adjudic\u00f3, hay un proceso que se sigui\u00f3 y llevaba mano, y as\u00ed son las cosas&#8221;, fueron las palabras de Higuera.<\/p><\/blockquote>\n<p>Para finalizar Jos\u00e9 Luis coment\u00f3 que no cierran puertas y siguen negociando con otras televisoras para que <strong>Chivas<\/strong> llegue a la mayor\u00eda de gente posible.<\/p>\n<blockquote><p>&#8220;Si estamos a favor o en contra me lo reservo, pero bienvenido un aliado m\u00e1s. Seguimos en negociaciones y si se suma alguien m\u00e1s. Creo que es una muy buena noticia porque la idea es estar en las mayores plataformas posibles, viendo muy dif\u00edcil estar en TV abierta\u201d, puntualiz\u00f3.<\/p><\/blockquote>\n<p>S\u00edguenos en Twitter: <a href=\"https:\/\/twitter.com\/MXFutbolTotal\" target=\"_blank\">@MXFutbolTotal<\/a><\/p>\n","protected":false},"excerpt":{"rendered":"<p>El CEO de Chivas habl\u00f3 sobre el regreso del Reba\u00f1o a la TV.<\/p>\n","protected":false},"author":20,"featured_media":473273,"comment_status":"closed","ping_status":"closed","sticky":false,"template":"","format":"standard","meta":[],"categories":[5419,2198,3845],"tags":[70,7368],"_links":{"self":[{"href":"http:\/\/desarrollo.grupomedios.com\/futbol\/wp-json\/wp\/v2\/posts\/473272"}],"collection":[{"href":"http:\/\/desarrollo.grupomedios.com\/futbol\/wp-json\/wp\/v2\/posts"}],"about":[{"href":"http:\/\/desarrollo.grupomedios.com\/futbol\/wp-json\/wp\/v2\/types\/post"}],"author":[{"embeddable":true,"href":"http:\/\/desarrollo.grupomedios.com\/futbol\/wp-json\/wp\/v2\/users\/20"}],"replies":[{"embeddable":true,"href":"http:\/\/desarrollo.grupomedios.com\/futbol\/wp-json\/wp\/v2\/comments?post=473272"}],"version-history":[{"count":1,"href":"http:\/\/desarrollo.grupomedios.com\/futbol\/wp-json\/wp\/v2\/posts\/473272\/revisions"}],"predecessor-version":[{"id":473274,"href":"http:\/\/desarrollo.grupomedios.com\/futbol\/wp-json\/wp\/v2\/posts\/473272\/revisions\/473274"}],"wp:featuredmedia":[{"embeddable":true,"href":"http:\/\/desarrollo.grupomedios.com\/futbol\/wp-json\/wp\/v2\/media\/473273"}],"wp:attachment":[{"href":"http:\/\/desarrollo.grupomedios.com\/futbol\/wp-json\/wp\/v2\/media?parent=473272"}],"wp:term":[{"taxonomy":"category","embeddable":true,"href":"http:\/\/desarrollo.grupomedios.com\/futbol\/wp-json\/wp\/v2\/categories?post=473272"},{"taxonomy":"post_tag","embeddable":true,"href":"http:\/\/desarrollo.grupomedios.com\/futbol\/wp-json\/wp\/v2\/tags?post=473272"}],"curies":[{"name":"wp","href":"https:\/\/api.w.org\/{rel}","templated":true}]}}