{"id":473286,"date":"2017-04-11T10:20:42","date_gmt":"2017-04-11T15:20:42","guid":{"rendered":"https:\/\/www.futboltotal.com.mx\/?p=473286"},"modified":"2017-04-11T11:25:10","modified_gmt":"2017-04-11T16:25:10","slug":"pablo-aguilar-podria-volver-a-jugar-en-clausura-2017","status":"publish","type":"post","link":"http:\/\/desarrollo.grupomedios.com\/futbol\/destacado-home\/pablo-aguilar-podria-volver-a-jugar-en-clausura-2017\/2017\/04","title":{"rendered":"Pablo Aguilar podr\u00eda volver a jugar en el Clausura 2017"},"content":{"rendered":"<p>El defensa central paraguayo <strong>Pablo Aguilar<\/strong> podr\u00eda reaparecer con <strong>Am\u00e9rica\u00a0<\/strong>en el Clausura 2017. Y es que a pesar de que fue sancionado un a\u00f1o por haber agredido al \u00e1rbitro Fernando Fern\u00e1ndez en el partido contra Tijuana de la Copa MX, esta por recibir una reducci\u00f3n al castigo tras haber presentado una apelaci\u00f3n ante el TAS.<\/p>\n<p>La directiva del conjunto <i>azulcrema<\/i>\u00a0conf\u00eda en que el recurso presentado por <strong>Pablo Aguilar\u00a0<\/strong>en d\u00edas pasados sea argumento suficiente para que pueda regresar a las canchas este semestre. Seg\u00fan publica este mi\u00e9rcoles el diario <em>R\u00e9cord<\/em>\u00a0al interior del club revel\u00f3 que, si todo sigue por buen camino, el guaran\u00ed volver\u00eda para la Liguilla del presente torneo, que se disputa para la segunda semana del pr\u00f3ximo mes de mayo.<\/p>\n<p style=\"text-align: center;\"><span style=\"color: #3366ff;\">VER M\u00c1S: Todas las noticias de futbol mexicano\u00a0<\/span><\/p>\n<p>La posible reducci\u00f3n al castigo de <strong>Aguilar<\/strong> no es cualquier cosa, toda vez que es uno de los jugadores clave del entrenador Ricardo La Volpe. Lo mejor ser\u00eda que en caso de poder jugar este semestre, lo har\u00eda para completar la central titular de los cremas, pues para entonces ya estar\u00e1 de regreso el central Paolo Goltz, quien afronta el \u00faltimo tramo de su recuperaci\u00f3n y est\u00e1 pr\u00f3ximo a regresar al 11 titular del Am\u00e9rica, as\u00ed como Bruno Valdez.<\/p>\n<p>Pero antes de todo, <strong>Am\u00e9rica<\/strong> debe garantizar el pase a la Liguilla por und\u00e9cima ocasi\u00f3n consecutiva. Hoy est\u00e1 en el sitio 7 de la clasificaci\u00f3n con 18 puntos y este mi\u00e9rcoles comienza un apretado cierre de calendario con el partido ante Necaxa, pendiente por el paro arbitral de la Jornada 10, y despu\u00e9s se mide a Gallos, Santos, Atlas y Pachuca.<\/p>\n<p><strong>S\u00edguenos en Twitter<\/strong>: <a href=\"http:\/\/www.twitter.com\/MXFutbolTotal\" target=\"_blank\">@MXFutbolTotal<\/a><\/p>\n","protected":false},"excerpt":{"rendered":"<p>El defensa guaran\u00ed est\u00e1 por recibir el fallo a la apelaci\u00f3n que present\u00f3 ante el TAS.<\/p>\n","protected":false},"author":20,"featured_media":473287,"comment_status":"closed","ping_status":"closed","sticky":false,"template":"","format":"standard","meta":[],"categories":[5,2198,3845],"tags":[5959,994],"_links":{"self":[{"href":"http:\/\/desarrollo.grupomedios.com\/futbol\/wp-json\/wp\/v2\/posts\/473286"}],"collection":[{"href":"http:\/\/desarrollo.grupomedios.com\/futbol\/wp-json\/wp\/v2\/posts"}],"about":[{"href":"http:\/\/desarrollo.grupomedios.com\/futbol\/wp-json\/wp\/v2\/types\/post"}],"author":[{"embeddable":true,"href":"http:\/\/desarrollo.grupomedios.com\/futbol\/wp-json\/wp\/v2\/users\/20"}],"replies":[{"embeddable":true,"href":"http:\/\/desarrollo.grupomedios.com\/futbol\/wp-json\/wp\/v2\/comments?post=473286"}],"version-history":[{"count":1,"href":"http:\/\/desarrollo.grupomedios.com\/futbol\/wp-json\/wp\/v2\/posts\/473286\/revisions"}],"predecessor-version":[{"id":473288,"href":"http:\/\/desarrollo.grupomedios.com\/futbol\/wp-json\/wp\/v2\/posts\/473286\/revisions\/473288"}],"wp:featuredmedia":[{"embeddable":true,"href":"http:\/\/desarrollo.grupomedios.com\/futbol\/wp-json\/wp\/v2\/media\/473287"}],"wp:attachment":[{"href":"http:\/\/desarrollo.grupomedios.com\/futbol\/wp-json\/wp\/v2\/media?parent=473286"}],"wp:term":[{"taxonomy":"category","embeddable":true,"href":"http:\/\/desarrollo.grupomedios.com\/futbol\/wp-json\/wp\/v2\/categories?post=473286"},{"taxonomy":"post_tag","embeddable":true,"href":"http:\/\/desarrollo.grupomedios.com\/futbol\/wp-json\/wp\/v2\/tags?post=473286"}],"curies":[{"name":"wp","href":"https:\/\/api.w.org\/{rel}","templated":true}]}}