{"id":473375,"date":"2017-04-11T14:31:11","date_gmt":"2017-04-11T19:31:11","guid":{"rendered":"https:\/\/www.futboltotal.com.mx\/?p=473375"},"modified":"2017-04-11T14:32:52","modified_gmt":"2017-04-11T19:32:52","slug":"pumas-recupera-a-castillo-pierde-a-barrera-torneo","status":"publish","type":"post","link":"http:\/\/desarrollo.grupomedios.com\/futbol\/futbol-mexicano\/pumas-recupera-a-castillo-pierde-a-barrera-torneo\/2017\/04","title":{"rendered":"Pumas recupera a Castillo&#8230; pero pierde a Barrera todo el torneo"},"content":{"rendered":"<p>Buenas y malas noticias para los <strong>Pumas<\/strong>, luego de que su entrenador Juan Francisco <strong>Palencia<\/strong> confirm\u00f3 que <strong>Pablo Barrera<\/strong> se pierde lo que resta del torneo del Clausura 2017 debido a una lesi\u00f3n que lo har\u00eda pasar por el quir\u00f3fano.<\/p>\n<p>&#8220;A (Pablo) Barrera ya lo perdimos por el resto de la temporada, tiene una lesi\u00f3n en la rodilla que est\u00e1n valorando para la cirug\u00eda. Es lamentable porque el chico andaba muy bien&#8221;, dijo el <em>Gatillero.<\/em><\/p>\n<p style=\"text-align: center;\"><span style=\"color: #333399;\"><a style=\"color: #333399;\" href=\"https:\/\/www.futboltotal.com.mx\/2017\/04\/explosion-previo-al-dortmund-vs-monaco-marc-bartra-estaria-lesionado\/\">VER M\u00c1S: Explosi\u00f3n previo al Dortmund-M\u00f3naco; Marc Bartra sali\u00f3 lesionado<\/a><\/span><\/p>\n<p>Asimismo, el central uruguayo <strong>Gerardo Alcoba<\/strong> tambi\u00e9n es parte de la lista de bajas para enfrentar a los Tigres en la pendiente fecha 10 de la Liga MX.<\/p>\n<p>&#8220;Gerardo (Alcoba) tiene una lesi\u00f3n muscular, est\u00e1n valorando cuando puede volver, no creo que tarde mucho tiempo&#8221;, agreg\u00f3 el estratega de los auriazules, aunque tambi\u00e9n tendr\u00e1n reapariciones importantes.<\/p>\n<p style=\"text-align: center;\"><a href=\"https:\/\/www.futboltotal.com.mx\/2017\/04\/antonio-carlos-santos-explota-contra-faitelson-te-voy-a-putear\/\">VER M\u00c1S: Antonio Carlos Santos explot\u00f3 contra Faitelson: &#8220;Te voy a put&#8230;&#8221;<\/a><\/p>\n<p>&#8220;Vanra (Josecarlos <strong>Van Rankin<\/strong>) y <strong>Nicol\u00e1s (Castillo<\/strong>) ya hacen el viaje (a Monterrey) con nosotros, entonces pierdo dos y recupero dos&#8221;, concluy\u00f3 Palencia.<\/p>\n<p>&nbsp;<\/p>\n<blockquote class=\"twitter-video\" data-lang=\"es\">\n<p dir=\"ltr\" lang=\"es\">As\u00ed confirm\u00f3 Palencia las baja por todo el torneo de Barrera, adem\u00e1s de que Alcoba no juega ante Atlas. Castillo vuelve. <a href=\"https:\/\/twitter.com\/estoenlinea\">@estoenlinea<\/a> <a href=\"https:\/\/t.co\/ygZba6VBMx\">pic.twitter.com\/ygZba6VBMx<\/a><\/p>\n<p>\u2014 Alejandro Alfaro (@AlexAlfaro48) <a href=\"https:\/\/twitter.com\/AlexAlfaro48\/status\/851874807985696769\">11 de abril de 2017<\/a><\/p><\/blockquote>\n<p><script async src=\"\/\/platform.twitter.com\/widgets.js\" charset=\"utf-8\"><\/script><\/p>\n<p class=\"p1\"><span class=\"s1\"><b>S\u00edguenos en Twitter<\/b>:\u00a0<a href=\"https:\/\/twitter.com\/MXFutbolTotal\"><span class=\"s2\">@MXFutbolTotal<\/span><\/a><\/span><\/p>\n","protected":false},"excerpt":{"rendered":"<p>Buenas y malas noticias para los Pumas, luego de que Palencia confirm\u00f3 la baja de Barrera.<\/p>\n","protected":false},"author":20,"featured_media":473378,"comment_status":"closed","ping_status":"closed","sticky":false,"template":"","format":"standard","meta":[],"categories":[2198,3845],"tags":[7732,64,7753,4269,82,74,5976],"_links":{"self":[{"href":"http:\/\/desarrollo.grupomedios.com\/futbol\/wp-json\/wp\/v2\/posts\/473375"}],"collection":[{"href":"http:\/\/desarrollo.grupomedios.com\/futbol\/wp-json\/wp\/v2\/posts"}],"about":[{"href":"http:\/\/desarrollo.grupomedios.com\/futbol\/wp-json\/wp\/v2\/types\/post"}],"author":[{"embeddable":true,"href":"http:\/\/desarrollo.grupomedios.com\/futbol\/wp-json\/wp\/v2\/users\/20"}],"replies":[{"embeddable":true,"href":"http:\/\/desarrollo.grupomedios.com\/futbol\/wp-json\/wp\/v2\/comments?post=473375"}],"version-history":[{"count":2,"href":"http:\/\/desarrollo.grupomedios.com\/futbol\/wp-json\/wp\/v2\/posts\/473375\/revisions"}],"predecessor-version":[{"id":473380,"href":"http:\/\/desarrollo.grupomedios.com\/futbol\/wp-json\/wp\/v2\/posts\/473375\/revisions\/473380"}],"wp:featuredmedia":[{"embeddable":true,"href":"http:\/\/desarrollo.grupomedios.com\/futbol\/wp-json\/wp\/v2\/media\/473378"}],"wp:attachment":[{"href":"http:\/\/desarrollo.grupomedios.com\/futbol\/wp-json\/wp\/v2\/media?parent=473375"}],"wp:term":[{"taxonomy":"category","embeddable":true,"href":"http:\/\/desarrollo.grupomedios.com\/futbol\/wp-json\/wp\/v2\/categories?post=473375"},{"taxonomy":"post_tag","embeddable":true,"href":"http:\/\/desarrollo.grupomedios.com\/futbol\/wp-json\/wp\/v2\/tags?post=473375"}],"curies":[{"name":"wp","href":"https:\/\/api.w.org\/{rel}","templated":true}]}}