{"id":473385,"date":"2017-04-11T15:02:49","date_gmt":"2017-04-11T20:02:49","guid":{"rendered":"https:\/\/www.futboltotal.com.mx\/?p=473385"},"modified":"2017-04-11T15:02:49","modified_gmt":"2017-04-11T20:02:49","slug":"la-bbc-prefiero-juegue-ancelotti","status":"publish","type":"post","link":"http:\/\/desarrollo.grupomedios.com\/futbol\/futbol-internacional\/la-bbc-prefiero-juegue-ancelotti\/2017\/04","title":{"rendered":"&#8220;\u00bfLa BBC? Prefiero que no juegue&#8221;: Ancelotti"},"content":{"rendered":"<p>El entrenador del <strong>Bayern M\u00fanich<\/strong>, <strong>Carlo Ancelotti<\/strong>, se reencuentra este mi\u00e9rcoles con el Real Madrid, club al que llev\u00f3 a ganar la D\u00e9cima, y si algo pudiese cambiar ser\u00eda quitara al tridente blanco de la <em>BBC<\/em>.<\/p>\n<blockquote><p>&#8220;Prefiero que la BBC no juegue. Con Ronaldo en el banquillo, Benzema en la tribuna y Bale en casa tendr\u00eda un poco de tranquilidad&#8221;, dijo en rueda de prensa.<\/p><\/blockquote>\n<p style=\"text-align: center;\"><span style=\"color: #3366ff;\">VER M\u00c1S: Todas las noticias de futbol internacional\u00a0<\/span><\/p>\n<p>&#8220;Lo \u00fanico que quiero es que mi equipo juegue un buen partido y que pueda ganarlo, eso s lo \u00fanico que deseo&#8221;, agreg\u00f3 <em>Carletto<\/em>, al tiempo que descart\u00f3 que sus jugadores pensaran en una venganza por la derrota de hace tres temporadas en Champions League.<\/p>\n<blockquote><p>&#8220;Tenemos mucha confianza porque el momento que estamos pasando es muy bueno, pero no tenemos ning\u00fan deseo de venganza&#8221;, dijo.<\/p><\/blockquote>\n<p>Ancelotti admiti\u00f3 sin embargo que &#8220;ser\u00e1 un partido especial&#8221; por el afecto que le tiene a los jugadores y al cuerpo t\u00e9cnico del Real Madrid, pero que todo transcurrir\u00e1 dentro de absoluta normalidad.<\/p>\n<blockquote><p>&#8220;Ma\u00f1ana nos vamos a encontrar antes del partido, nos vamos a enfrentar durante el partido y nos vamos a saludar despu\u00e9s del partido como es la normalidad&#8221;, se\u00f1al\u00f3.<\/p><\/blockquote>\n<p>&nbsp;<\/p>\n<p>Para Ancelotti, el partido de ma\u00f1ana (ida de cuartos de final) &#8220;no es decisivo&#8221;. Lo \u00fanico que quedar\u00e1 claro es si el Bayern va a tener que resolver &#8220;pocos problemas o muchos problemas&#8221; en el partido de vuelta en Madrid.<\/p>\n<p>Con respecto a la situaci\u00f3n del su delantero Robert Lewandowski, con problemas en el hombro derecho, Ancelotti dijo que ma\u00f1ana se decidir\u00e1 sobre su participaci\u00f3n en el partido.<\/p>\n<p>&#8220;Si est\u00e1 bien jugar\u00e1, si no est\u00e1 bien no jugar\u00e1&#8221;, acot\u00f3.<\/p>\n<p><strong>S\u00edguenos en Twitter<\/strong>: <a href=\"http:\/\/www.twitter.com\/MXFutbolTotal\" target=\"_blank\">@MXFutbolTotal<\/a><\/p>\n<p>&nbsp;<\/p>\n","protected":false},"excerpt":{"rendered":"<p>El DT del Bayern M\u00fanich se reencontrar\u00e1 con el Real Madrid y as\u00ed habl\u00f3 previo al partido.<\/p>\n","protected":false},"author":20,"featured_media":473390,"comment_status":"closed","ping_status":"closed","sticky":false,"template":"","format":"standard","meta":[],"categories":[3841,3839],"tags":[8458,1893,36,5988],"_links":{"self":[{"href":"http:\/\/desarrollo.grupomedios.com\/futbol\/wp-json\/wp\/v2\/posts\/473385"}],"collection":[{"href":"http:\/\/desarrollo.grupomedios.com\/futbol\/wp-json\/wp\/v2\/posts"}],"about":[{"href":"http:\/\/desarrollo.grupomedios.com\/futbol\/wp-json\/wp\/v2\/types\/post"}],"author":[{"embeddable":true,"href":"http:\/\/desarrollo.grupomedios.com\/futbol\/wp-json\/wp\/v2\/users\/20"}],"replies":[{"embeddable":true,"href":"http:\/\/desarrollo.grupomedios.com\/futbol\/wp-json\/wp\/v2\/comments?post=473385"}],"version-history":[{"count":1,"href":"http:\/\/desarrollo.grupomedios.com\/futbol\/wp-json\/wp\/v2\/posts\/473385\/revisions"}],"predecessor-version":[{"id":473391,"href":"http:\/\/desarrollo.grupomedios.com\/futbol\/wp-json\/wp\/v2\/posts\/473385\/revisions\/473391"}],"wp:featuredmedia":[{"embeddable":true,"href":"http:\/\/desarrollo.grupomedios.com\/futbol\/wp-json\/wp\/v2\/media\/473390"}],"wp:attachment":[{"href":"http:\/\/desarrollo.grupomedios.com\/futbol\/wp-json\/wp\/v2\/media?parent=473385"}],"wp:term":[{"taxonomy":"category","embeddable":true,"href":"http:\/\/desarrollo.grupomedios.com\/futbol\/wp-json\/wp\/v2\/categories?post=473385"},{"taxonomy":"post_tag","embeddable":true,"href":"http:\/\/desarrollo.grupomedios.com\/futbol\/wp-json\/wp\/v2\/tags?post=473385"}],"curies":[{"name":"wp","href":"https:\/\/api.w.org\/{rel}","templated":true}]}}