{"id":473470,"date":"2017-04-11T18:46:45","date_gmt":"2017-04-11T23:46:45","guid":{"rendered":"https:\/\/www.futboltotal.com.mx\/?p=473470"},"modified":"2017-04-11T18:46:45","modified_gmt":"2017-04-11T23:46:45","slug":"equipo-femenil-voleibol-festeja-ascenso-topless","status":"publish","type":"post","link":"http:\/\/desarrollo.grupomedios.com\/futbol\/no-todo-es-futbol\/equipo-femenil-voleibol-festeja-ascenso-topless\/2017\/04","title":{"rendered":"\u00a1Equipo femenil de voleibol festeja ascenso con topless!"},"content":{"rendered":"<p>El <strong>USD Altair 1963<\/strong>, equipo femenil de voleibol de Vicenza, Italia, ganaron el t\u00edtulo de la serie D, el pasado s\u00e1bado 8 de abril; el campeonato les dio el ascenso a la siguiente categor\u00eda, situaci\u00f3n que fue suficiente para festejar de una forma especial.<\/p>\n<p>Las jugadoras del <strong>USD Altair 1963<\/strong> se desvistieron tras el campeonato, para quedarse \u00fanicamente con el top, y en vez del short, cubrieron sus partes \u00edntimas con un bal\u00f3n de voleibol.<\/p>\n<p style=\"text-align: center;\"><span style=\"color: #3366ff;\"><a style=\"color: #3366ff;\" href=\"https:\/\/www.futboltotal.com.mx\/2017\/04\/karla-bernal-ex-edecan-chabelo-conquisto-a-jugador-chivas\/\" target=\"_blank\"><strong>LEER M\u00c1S: Ex edec\u00e1n de Chabelo conquista a jugador de Chivas<\/strong><\/a><\/span><\/p>\n<p><iframe loading=\"lazy\" style=\"border: none; overflow: hidden;\" src=\"https:\/\/www.facebook.com\/plugins\/post.php?href=https%3A%2F%2Fwww.facebook.com%2Fusdaltair1963%2Fposts%2F1369001869826258%3A0&amp;width=500\" frameborder=\"0\" scrolling=\"no\"><\/iframe><\/p>\n<p><a href=\"https:\/\/www.futboltotal.com.mx\/wp-content\/uploads\/2017\/04\/usd-altair-desnudas.jpg\"><img decoding=\"async\" loading=\"lazy\" class=\"alignnone size-full wp-image-473471\" src=\"https:\/\/www.futboltotal.com.mx\/wp-content\/uploads\/2017\/04\/usd-altair-desnudas.jpg\" alt=\"\u00a1Equipo femenil de voleibol festeja ascenso con topless! 0\" srcset=\"http:\/\/desarrollo.grupomedios.com\/futbol\/wp-content\/uploads\/2017\/04\/usd-altair-desnudas.jpg 1136w, http:\/\/desarrollo.grupomedios.com\/futbol\/wp-content\/uploads\/2017\/04\/usd-altair-desnudas-300x169.jpg 300w, http:\/\/desarrollo.grupomedios.com\/futbol\/wp-content\/uploads\/2017\/04\/usd-altair-desnudas-768x432.jpg 768w, http:\/\/desarrollo.grupomedios.com\/futbol\/wp-content\/uploads\/2017\/04\/usd-altair-desnudas-1024x576.jpg 1024w, http:\/\/desarrollo.grupomedios.com\/futbol\/wp-content\/uploads\/2017\/04\/usd-altair-desnudas-317x178.jpg 317w, http:\/\/desarrollo.grupomedios.com\/futbol\/wp-content\/uploads\/2017\/04\/usd-altair-desnudas-535x301.jpg 535w, http:\/\/desarrollo.grupomedios.com\/futbol\/wp-content\/uploads\/2017\/04\/usd-altair-desnudas-374x210.jpg 374w\" sizes=\"(max-width: 1136px) 100vw, 1136px\" \/><\/a><\/p>\n<p>S\u00edguenos en Twitter: <a href=\"https:\/\/twitter.com\/MXFutbolTotal\" target=\"_blank\">@MXFutbolTotal<\/a><\/p>\n","protected":false},"excerpt":{"rendered":"<p>El USD Altair 1963, decidi\u00f3 culminar su celebraci\u00f3n de una forma especial.<\/p>\n","protected":false},"author":20,"featured_media":473472,"comment_status":"closed","ping_status":"closed","sticky":false,"template":"","format":"standard","meta":[],"categories":[5418,6411],"tags":[2033,5461],"_links":{"self":[{"href":"http:\/\/desarrollo.grupomedios.com\/futbol\/wp-json\/wp\/v2\/posts\/473470"}],"collection":[{"href":"http:\/\/desarrollo.grupomedios.com\/futbol\/wp-json\/wp\/v2\/posts"}],"about":[{"href":"http:\/\/desarrollo.grupomedios.com\/futbol\/wp-json\/wp\/v2\/types\/post"}],"author":[{"embeddable":true,"href":"http:\/\/desarrollo.grupomedios.com\/futbol\/wp-json\/wp\/v2\/users\/20"}],"replies":[{"embeddable":true,"href":"http:\/\/desarrollo.grupomedios.com\/futbol\/wp-json\/wp\/v2\/comments?post=473470"}],"version-history":[{"count":1,"href":"http:\/\/desarrollo.grupomedios.com\/futbol\/wp-json\/wp\/v2\/posts\/473470\/revisions"}],"predecessor-version":[{"id":473473,"href":"http:\/\/desarrollo.grupomedios.com\/futbol\/wp-json\/wp\/v2\/posts\/473470\/revisions\/473473"}],"wp:featuredmedia":[{"embeddable":true,"href":"http:\/\/desarrollo.grupomedios.com\/futbol\/wp-json\/wp\/v2\/media\/473472"}],"wp:attachment":[{"href":"http:\/\/desarrollo.grupomedios.com\/futbol\/wp-json\/wp\/v2\/media?parent=473470"}],"wp:term":[{"taxonomy":"category","embeddable":true,"href":"http:\/\/desarrollo.grupomedios.com\/futbol\/wp-json\/wp\/v2\/categories?post=473470"},{"taxonomy":"post_tag","embeddable":true,"href":"http:\/\/desarrollo.grupomedios.com\/futbol\/wp-json\/wp\/v2\/tags?post=473470"}],"curies":[{"name":"wp","href":"https:\/\/api.w.org\/{rel}","templated":true}]}}