{"id":473563,"date":"2017-04-12T10:30:12","date_gmt":"2017-04-12T15:30:12","guid":{"rendered":"https:\/\/www.futboltotal.com.mx\/?p=473563"},"modified":"2017-04-12T10:30:12","modified_gmt":"2017-04-12T15:30:12","slug":"marc-bartra-muestra-heridas-asegura-estar-mucho-mejor","status":"publish","type":"post","link":"http:\/\/desarrollo.grupomedios.com\/futbol\/futbol-internacional\/marc-bartra-muestra-heridas-asegura-estar-mucho-mejor\/2017\/04","title":{"rendered":"Marc Bartra muestra sus heridas y asegura estar &#8220;mucho mejor&#8221;"},"content":{"rendered":"<p>El futbolista espa\u00f1ol <strong>Marc Bartra<\/strong> fue operado con \u00e9xito de las heridas sufridas en el <a href=\"https:\/\/www.futboltotal.com.mx\/2017\/04\/explosion-previo-al-dortmund-vs-monaco-marc-bartra-estaria-lesionado\/\">ataque contra el autob\u00fas de su equipo<\/a>, el <strong>Borussia Dortmund<\/strong>, declar\u00f3 el presidente de este club de la Bundesliga, Reinhard Rauball.<\/p>\n<p>&#8220;Nos han dicho que todo sali\u00f3 bien&#8221;, apunt\u00f3 Rauball, en declaraciones a la televisi\u00f3n alemana n-tv, en relaci\u00f3n al estado de su jugador, \u00fanico miembro de la plantilla del equipo que result\u00f3 herido en el ataque, perpetrado con tres artefactos que explotaron al paso del veh\u00edculo cuando se dirig\u00eda al estadio.<\/p>\n<p style=\"text-align: center;\"><span style=\"color: #333399;\"><a style=\"color: #333399;\" href=\"https:\/\/www.futboltotal.com.mx\/2017\/04\/hallan-manuscrito-en-lugar-del-ataque-al-autobus-del-borussia\/\">VER M\u00c1S: Hallan manuscrito en el lugar del ataque al autob\u00fas del Borussia<\/a><\/span><\/p>\n<p>Seg\u00fan ese canal informativo, el defensa ha abandonado ya la cl\u00ednica donde fue operado anoche tras sufrir una fractura del radio a la altura de la mu\u00f1eca derecha.\u00a0M\u00e1s tarde,\u00a0Bartra asegur\u00f3 que se encuentra &#8220;mucho mejor&#8221; y traslad\u00f3 toda su fuerza a sus compa\u00f1eros y a la afici\u00f3n ante <span style=\"color: #333399;\"><a style=\"color: #333399;\" href=\"https:\/\/www.futboltotal.com.mx\/2017\/04\/en-vivo-borussia-dortmund-vs-monaco-champions-league\/\">el partido de este d\u00eda frente al M\u00f3naco<\/a><\/span>.<\/p>\n<p>&nbsp;<\/p>\n<blockquote class=\"instagram-media\" style=\"background: #FFF; border: 0; border-radius: 3px; box-shadow: 0 0 1px 0 rgba(0,0,0,0.5),0 1px 10px 0 rgba(0,0,0,0.15); margin: 1px; max-width: 658px; padding: 0; width: calc(100% - 2px);\" data-instgrm-captioned=\"\" data-instgrm-version=\"7\">\n<div style=\"padding: 8px;\">\n<div style=\"background: #F8F8F8; line-height: 0; margin-top: 40px; padding: 37.4537037037037% 0; text-align: center; width: 100%;\"><\/div>\n<p style=\"margin: 8px 0 0 0; padding: 0 4px;\"><a style=\"color: #000; font-family: Arial,sans-serif; font-size: 14px; font-style: normal; font-weight: normal; line-height: 17px; text-decoration: none; word-wrap: break-word;\" href=\"https:\/\/www.instagram.com\/p\/BSybpqoD5sU\/\" target=\"_blank\">Hola a todos! Como veis ya estoy mucho mejor, muchas gracias a todo el mundo por los mensajes de apoyo! Toda mi fuerza a mis compa\u00f1eros, afici\u00f3n y todo el @bvb09 el partido de esta noche! #HejaBVB Hello everybody! As you can see I am doing much better. Thank you everybody for all your support and your messages! All my strength to my team mates, supporters and fans and to @bvb09 for tonight&#8217;s match! #HejaBVB<\/a><\/p>\n<p style=\"color: #c9c8cd; font-family: Arial,sans-serif; font-size: 14px; line-height: 17px; margin-bottom: 0; margin-top: 8px; overflow: hidden; padding: 8px 0 7px; text-align: center; text-overflow: ellipsis; white-space: nowrap;\">A post shared by Marc Bartra (@marcbartra) on <time style=\"font-family: Arial,sans-serif; font-size: 14px; line-height: 17px;\" datetime=\"2017-04-12T14:04:59+00:00\">Apr 12, 2017 at 7:04am PDT<\/time><\/p>\n<\/div>\n<\/blockquote>\n<p><script async defer src=\"\/\/platform.instagram.com\/en_US\/embeds.js\"><\/script><\/p>\n<p>&#8220;Hola a todos! Como veis, estoy mucho mejor. Muchas gracias a todo el mundo por los mensajes de apoyo! Toda mi fuerza a mis compa\u00f1eros, afici\u00f3n y todo el @bvb09 para el partido de esta noche!&#8221;, escribi\u00f3 Bartra en espa\u00f1ol y en ingl\u00e9s en su cuenta de la red social Instagram junto a una fotograf\u00eda en la que aparece sonriente, mostrando el pulgar hacia arriba\u00a0con el brazo derecho inmovilizado y una venda en la mu\u00f1eca izquierda.<\/p>\n<p style=\"text-align: center;\"><span style=\"color: #333399;\"><a style=\"color: #333399;\" href=\"https:\/\/www.futboltotal.com.mx\/2017\/04\/borussia-dortmund-pide-ayuda-aficionados-del-monaco\/\">VER M\u00c1S: Borussia Dortmund pide ayuda para aficionados del M\u00f3naco<\/a><\/span><\/p>\n<p>Bratra, que lleg\u00f3 al Borussia Dortmund el pasado verano procedente del Barcelona, fue ayer el \u00fanico miembro del equipo herido tras registrarse tres explosiones junto al autob\u00fas en el que la plantilla viajaba al estadio para jugar la ida de los cuartos de final de la Liga de Campeones.<\/p>\n","protected":false},"excerpt":{"rendered":"<p>Bartra mand\u00f3 un mensaje en espa\u00f1ol y en ingl\u00e9s en redes sociales junto a una fotograf\u00eda.<\/p>\n","protected":false},"author":144,"featured_media":473565,"comment_status":"closed","ping_status":"closed","sticky":false,"template":"","format":"standard","meta":[],"categories":[3841,3839],"tags":[1758,6047,97,36,8459,6893,6093],"_links":{"self":[{"href":"http:\/\/desarrollo.grupomedios.com\/futbol\/wp-json\/wp\/v2\/posts\/473563"}],"collection":[{"href":"http:\/\/desarrollo.grupomedios.com\/futbol\/wp-json\/wp\/v2\/posts"}],"about":[{"href":"http:\/\/desarrollo.grupomedios.com\/futbol\/wp-json\/wp\/v2\/types\/post"}],"author":[{"embeddable":true,"href":"http:\/\/desarrollo.grupomedios.com\/futbol\/wp-json\/wp\/v2\/users\/144"}],"replies":[{"embeddable":true,"href":"http:\/\/desarrollo.grupomedios.com\/futbol\/wp-json\/wp\/v2\/comments?post=473563"}],"version-history":[{"count":1,"href":"http:\/\/desarrollo.grupomedios.com\/futbol\/wp-json\/wp\/v2\/posts\/473563\/revisions"}],"predecessor-version":[{"id":473566,"href":"http:\/\/desarrollo.grupomedios.com\/futbol\/wp-json\/wp\/v2\/posts\/473563\/revisions\/473566"}],"wp:featuredmedia":[{"embeddable":true,"href":"http:\/\/desarrollo.grupomedios.com\/futbol\/wp-json\/wp\/v2\/media\/473565"}],"wp:attachment":[{"href":"http:\/\/desarrollo.grupomedios.com\/futbol\/wp-json\/wp\/v2\/media?parent=473563"}],"wp:term":[{"taxonomy":"category","embeddable":true,"href":"http:\/\/desarrollo.grupomedios.com\/futbol\/wp-json\/wp\/v2\/categories?post=473563"},{"taxonomy":"post_tag","embeddable":true,"href":"http:\/\/desarrollo.grupomedios.com\/futbol\/wp-json\/wp\/v2\/tags?post=473563"}],"curies":[{"name":"wp","href":"https:\/\/api.w.org\/{rel}","templated":true}]}}