{"id":473573,"date":"2017-04-12T11:18:42","date_gmt":"2017-04-12T16:18:42","guid":{"rendered":"https:\/\/www.futboltotal.com.mx\/?p=473573"},"modified":"2017-04-12T11:34:07","modified_gmt":"2017-04-12T16:34:07","slug":"mexicano-del-real-madrid-esta-nominado-al-golden-boy-2017","status":"publish","type":"post","link":"http:\/\/desarrollo.grupomedios.com\/futbol\/futbol-mexicano\/mexicano-del-real-madrid-esta-nominado-al-golden-boy-2017\/2017\/04","title":{"rendered":"Mexicano del Real Madrid est\u00e1 nominado al Golden Boy 2017"},"content":{"rendered":"<p>El extremo mexicano <strong>Paolo Medina<\/strong>,\u00a0futbolista del equipo Juvenil B del <strong>Real Madrid<\/strong> y nacido en Veracruz, forma parte de la lista de 98 jugadores nominados al premio <strong>Golden Boy 2017<\/strong> gracias al buen juego que ha plasmado con el equipo merengue.<\/p>\n<p>Este galard\u00f3n es otorgado anualmente por\u00a0la publicaci\u00f3n italiana <strong>Tuttosport<\/strong> en busca del mejor futbolista Sub 21 en Europa y en esta edici\u00f3n el listado cuenta con jugadores como el tambi\u00e9n madridista Luca Zidane, hijo de Zinedine Zidane, el portero del Milan Gianluigi Donnarumma o el extremo\u00a0Kylian Mbapp\u00e9, quien est\u00e1 sorprendiendo\u00a0con el M\u00f3naco.<\/p>\n<p style=\"text-align: center;\"><span style=\"color: #000080;\"><a style=\"color: #000080;\" href=\"https:\/\/www.futboltotal.com.mx\/2016\/09\/mexicano-capitan-en-real-madrid\/\">VER M\u00c1S: Paolo Medina, el mexicano que es capit\u00e1n en el Real Madrid<\/a><\/span><\/p>\n<p>La votaci\u00f3n se lleva a cabo entre los usuarios y hasta el momento se acumulan casi 32 mil votos, con Donnarumma en el primer puesto acumulando un 8% producto de casi 2600 votos, seguido por Mbapp\u00e9 y sus casi 2300 votos. Medina hasta el momento apenas suma el 2% de votos con cerca de 525.<\/p>\n<p>El mexicano Medina emigr\u00f3 a Espa\u00f1a desde que ten\u00eda tres a\u00f1os y, aunque fue rechazado por el Real Madrid hasta en siete ocasiones, finalmente con 10 a\u00f1os de edad ingres\u00f3 a las divisiones inferiores del cuadro madridista; adem\u00e1s, Paolo ha jugado en selecciones menores de\u00a0la Selecci\u00f3n Mexicana, por lo que aparentemente su idea es alg\u00fan d\u00eda triunfar con el Tri mayor.<\/p>\n<p style=\"text-align: center;\"><strong><span style=\"color: #000080;\"><a style=\"color: #000080;\" href=\"http:\/\/www.tuttosport.com\/sondaggi\/calcio\/golden-boy\/2017\/03\/28-23549896\/vota_il_golden_boy_2017_scegli_il_tuo_preferito\/?cookieAccept\">Aqu\u00ed puedes votar por Medina para el Golden Boy 2017<\/a><\/span><\/strong>.<\/p>\n","protected":false},"excerpt":{"rendered":"<p>Este galard\u00f3n es otorgado anualmente en busca del mejor futbolista Sub 21 en Europa.<\/p>\n","protected":false},"author":20,"featured_media":473578,"comment_status":"closed","ping_status":"closed","sticky":false,"template":"","format":"standard","meta":[],"categories":[3839,2198,3844,6718],"tags":[8460,7419,5988],"_links":{"self":[{"href":"http:\/\/desarrollo.grupomedios.com\/futbol\/wp-json\/wp\/v2\/posts\/473573"}],"collection":[{"href":"http:\/\/desarrollo.grupomedios.com\/futbol\/wp-json\/wp\/v2\/posts"}],"about":[{"href":"http:\/\/desarrollo.grupomedios.com\/futbol\/wp-json\/wp\/v2\/types\/post"}],"author":[{"embeddable":true,"href":"http:\/\/desarrollo.grupomedios.com\/futbol\/wp-json\/wp\/v2\/users\/20"}],"replies":[{"embeddable":true,"href":"http:\/\/desarrollo.grupomedios.com\/futbol\/wp-json\/wp\/v2\/comments?post=473573"}],"version-history":[{"count":2,"href":"http:\/\/desarrollo.grupomedios.com\/futbol\/wp-json\/wp\/v2\/posts\/473573\/revisions"}],"predecessor-version":[{"id":473580,"href":"http:\/\/desarrollo.grupomedios.com\/futbol\/wp-json\/wp\/v2\/posts\/473573\/revisions\/473580"}],"wp:featuredmedia":[{"embeddable":true,"href":"http:\/\/desarrollo.grupomedios.com\/futbol\/wp-json\/wp\/v2\/media\/473578"}],"wp:attachment":[{"href":"http:\/\/desarrollo.grupomedios.com\/futbol\/wp-json\/wp\/v2\/media?parent=473573"}],"wp:term":[{"taxonomy":"category","embeddable":true,"href":"http:\/\/desarrollo.grupomedios.com\/futbol\/wp-json\/wp\/v2\/categories?post=473573"},{"taxonomy":"post_tag","embeddable":true,"href":"http:\/\/desarrollo.grupomedios.com\/futbol\/wp-json\/wp\/v2\/tags?post=473573"}],"curies":[{"name":"wp","href":"https:\/\/api.w.org\/{rel}","templated":true}]}}