{"id":473574,"date":"2017-04-12T10:59:35","date_gmt":"2017-04-12T15:59:35","guid":{"rendered":"https:\/\/www.futboltotal.com.mx\/?p=473574"},"modified":"2017-04-12T10:59:35","modified_gmt":"2017-04-12T15:59:35","slug":"seguidores-del-necaxa-encararon-a-sosa-malos-resultados","status":"publish","type":"post","link":"http:\/\/desarrollo.grupomedios.com\/futbol\/futbol-mexicano\/seguidores-del-necaxa-encararon-a-sosa-malos-resultados\/2017\/04","title":{"rendered":"Seguidores del Necaxa encararon a Sosa por malos resultados"},"content":{"rendered":"<p>Luego del gran regreso que tuvieron a la Liga MX en el Apertura 2016, donde llegaron a Semifinales, el Necaxa ha tenido un gran cambio para el Clausura 2017 donde los resultados no se le han dado.<\/p>\n<p>Es por ello que el mal paso del equipo no tiene contenta a la afici\u00f3n y en su llegada al hotel de concentraci\u00f3n para el partido de este mi\u00e9rcoles ante el Am\u00e9rica, el director t\u00e9cnico, Alfonso Sosa, fue interceptado por algunos aficionados y escuch\u00f3 los reclamos por no ganar ning\u00fan partido desde hace ya un tiempo.<\/p>\n<p>\u201c\u00a1Hace dos meses no ganan un partido\u2026 dos meses!\u201d le gritaron a Poncho mientras le cerraban el paso.<\/p>\n<p>Sosa solo se limit\u00f3 a pedir calma a los aficionados, mientras que la seguridad del equipo tuvo que intervenir para abrirle paso.<\/p>\n<p style=\"text-align: center;\"><span style=\"color: #0000ff;\"><a style=\"color: #0000ff;\" href=\"https:\/\/www.futboltotal.com.mx\/2017\/04\/dos-equipos-de-liga-mx-se-suman-a-la-tv-restringida\/\">LEER M\u00c1S: \u00a1Dos equipos de Liga MX, se suman a la tv restringida!<\/a><\/span><\/p>\n<blockquote class=\"twitter-video\" data-lang=\"en\">\n<p dir=\"ltr\" lang=\"es\">Algunos aficionados de Necaxa, le reclamaron al t\u00e9cnico Alfonso Sosa el mal paso del equipo en el torneo en su hotel de concentraci\u00f3n. <a href=\"https:\/\/t.co\/rR9p0aiayC\">pic.twitter.com\/rR9p0aiayC<\/a><\/p>\n<p>\u2014 CARLOS RODRIGO HDEZ (@CARLOSH_S21) <a href=\"https:\/\/twitter.com\/CARLOSH_S21\/status\/851955257504657408\">April 12, 2017<\/a><\/p><\/blockquote>\n<p><script async src=\"\/\/platform.twitter.com\/widgets.js\" charset=\"utf-8\"><\/script><\/p>\n","protected":false},"excerpt":{"rendered":"<p>El t\u00e9cnico recibi\u00f3 reclamos por parte de los aficionados necaxistas.<\/p>\n","protected":false},"author":20,"featured_media":447043,"comment_status":"closed","ping_status":"closed","sticky":false,"template":"","format":"standard","meta":[],"categories":[2198,3845],"tags":[64,261],"_links":{"self":[{"href":"http:\/\/desarrollo.grupomedios.com\/futbol\/wp-json\/wp\/v2\/posts\/473574"}],"collection":[{"href":"http:\/\/desarrollo.grupomedios.com\/futbol\/wp-json\/wp\/v2\/posts"}],"about":[{"href":"http:\/\/desarrollo.grupomedios.com\/futbol\/wp-json\/wp\/v2\/types\/post"}],"author":[{"embeddable":true,"href":"http:\/\/desarrollo.grupomedios.com\/futbol\/wp-json\/wp\/v2\/users\/20"}],"replies":[{"embeddable":true,"href":"http:\/\/desarrollo.grupomedios.com\/futbol\/wp-json\/wp\/v2\/comments?post=473574"}],"version-history":[{"count":1,"href":"http:\/\/desarrollo.grupomedios.com\/futbol\/wp-json\/wp\/v2\/posts\/473574\/revisions"}],"predecessor-version":[{"id":473575,"href":"http:\/\/desarrollo.grupomedios.com\/futbol\/wp-json\/wp\/v2\/posts\/473574\/revisions\/473575"}],"wp:featuredmedia":[{"embeddable":true,"href":"http:\/\/desarrollo.grupomedios.com\/futbol\/wp-json\/wp\/v2\/media\/447043"}],"wp:attachment":[{"href":"http:\/\/desarrollo.grupomedios.com\/futbol\/wp-json\/wp\/v2\/media?parent=473574"}],"wp:term":[{"taxonomy":"category","embeddable":true,"href":"http:\/\/desarrollo.grupomedios.com\/futbol\/wp-json\/wp\/v2\/categories?post=473574"},{"taxonomy":"post_tag","embeddable":true,"href":"http:\/\/desarrollo.grupomedios.com\/futbol\/wp-json\/wp\/v2\/tags?post=473574"}],"curies":[{"name":"wp","href":"https:\/\/api.w.org\/{rel}","templated":true}]}}