{"id":473581,"date":"2017-04-12T12:11:13","date_gmt":"2017-04-12T17:11:13","guid":{"rendered":"https:\/\/www.futboltotal.com.mx\/?p=473581"},"modified":"2017-04-12T12:11:13","modified_gmt":"2017-04-12T17:11:13","slug":"posible-nuevo-jersey-del-america-identico-a-playera-epica","status":"publish","type":"post","link":"http:\/\/desarrollo.grupomedios.com\/futbol\/futbol-mexicano\/posible-nuevo-jersey-del-america-identico-a-playera-epica\/2017\/04","title":{"rendered":"Posible nuevo jersey del Am\u00e9rica ser\u00eda id\u00e9ntico a playera \u00e9pica"},"content":{"rendered":"<p>&nbsp;<\/p>\n<p>Aunque el <strong>Clausura 2017<\/strong> de la Liga MX a\u00fan se juega en su fase regular ya es tiempo de especulaciones de cara al pr\u00f3ximo torneo, tanto en fichajes como en nuevos uniformes, como es el caso del <strong>Am\u00e9rica<\/strong> y las versiones que se\u00f1alan c\u00f3mo ser\u00e1 la <strong>nueva playera<\/strong> de las <em>\u00c1guilas<\/em>.<\/p>\n<p>Seg\u00fan im\u00e1genes que han circulado en redes sociales, los americanistas retomar\u00edan el dise\u00f1o de una playera que usaron en la d\u00e9cada de los 90&#8217;s y que es recordada con mucho cari\u00f1o por toda su afici\u00f3n, tanto por su\u00a0imagen como por los jugadores que la vistieron.<\/p>\n<p style=\"text-align: center;\"><span style=\"color: #000080;\"><a style=\"color: #000080;\" href=\"https:\/\/www.futboltotal.com.mx\/2017\/04\/la-falsa-hermandad-america-necaxa\/\">VER M\u00c1S: La falsa hermandad entre Am\u00e9rica y Necaxa<\/a><\/span><\/p>\n<p>Esta nueva playera retomar\u00eda los rombos que simulan el plumaje de las <em>\u00c1guilas<\/em> y que caracteriz\u00f3 al equipo que hace d\u00e9cadas dirigi\u00f3 en su primera etapa el holand\u00e9s <strong>Leo Benhakker<\/strong>, con jugadores como <strong>Cuauht\u00e9moc Blanco, Fran\u00e7ois Omam-Biyik, Kalusha Bwalya, Zague o Joaqu\u00edn del Olmo<\/strong> entre otros.<\/p>\n<p>Esta nueva vestimenta americanista ser\u00eda la opci\u00f3n del equipo junto con la marca deportiva Nike contra las quejas de la afici\u00f3n por los dise\u00f1os de los \u00faltimos uniformes y ha circulado la versi\u00f3n de local como la de visitante, con tono en blanco y similares rombos a los de la playera de local. Americanistas, \u00bfles gustar\u00eda que esta sea su nueva piel?<\/p>\n<p style=\"text-align: center;\"><span style=\"color: #000080;\"><a style=\"color: #000080;\" href=\"https:\/\/www.futboltotal.com.mx\/2017\/04\/futbolistas-que-triunfaron-con-america-y-necaxa\/\">VER M\u00c1S: Jugadores que triunfaron con Am\u00e9rica y Necaxa<\/a><\/span><\/p>\n<div id=\"galleryFI3\" style=\"display:none;\"><img alt=\"\" src=\"http:\/\/desarrollo.grupomedios.com\/futbol\/wp-content\/uploads\/2017\/04\/Posible-Jersey-America3.jpg\" data-image=\"http:\/\/desarrollo.grupomedios.com\/futbol\/wp-content\/uploads\/2017\/04\/Posible-Jersey-America3.jpg\" data-description=\"Posible-Jersey-America3\"><img alt=\"\" src=\"http:\/\/desarrollo.grupomedios.com\/futbol\/wp-content\/uploads\/2017\/04\/Posible-Jersey-America2.jpg\" data-image=\"http:\/\/desarrollo.grupomedios.com\/futbol\/wp-content\/uploads\/2017\/04\/Posible-Jersey-America2.jpg\" data-description=\"Posible-Jersey-America2\"><img alt=\"\" src=\"http:\/\/desarrollo.grupomedios.com\/futbol\/wp-content\/uploads\/2017\/04\/Posible-Jersey-America1-1.jpg\" data-image=\"http:\/\/desarrollo.grupomedios.com\/futbol\/wp-content\/uploads\/2017\/04\/Posible-Jersey-America1-1.jpg\" data-description=\"Posible-Jersey-America1\"><\/div>\n        <script>\n        \/\/galeria 1\n        jQuery(document).ready(function(){ \n            var api;\n            api = jQuery(\"#galleryFI3\").unitegallery({\n                carousel_autoplay: false\n            }); \n        });\n        <\/script>\n        \n","protected":false},"excerpt":{"rendered":"<p>Las \u00c1guilas retomar\u00edan el dise\u00f1o de una playera que usaron en la d\u00e9cada de los 90&#8217;s.<\/p>\n","protected":false},"author":20,"featured_media":473583,"comment_status":"closed","ping_status":"closed","sticky":false,"template":"","format":"standard","meta":[],"categories":[5419,2198,3845],"tags":[1585,5959,7732,1624,64,2175,2127],"_links":{"self":[{"href":"http:\/\/desarrollo.grupomedios.com\/futbol\/wp-json\/wp\/v2\/posts\/473581"}],"collection":[{"href":"http:\/\/desarrollo.grupomedios.com\/futbol\/wp-json\/wp\/v2\/posts"}],"about":[{"href":"http:\/\/desarrollo.grupomedios.com\/futbol\/wp-json\/wp\/v2\/types\/post"}],"author":[{"embeddable":true,"href":"http:\/\/desarrollo.grupomedios.com\/futbol\/wp-json\/wp\/v2\/users\/20"}],"replies":[{"embeddable":true,"href":"http:\/\/desarrollo.grupomedios.com\/futbol\/wp-json\/wp\/v2\/comments?post=473581"}],"version-history":[{"count":1,"href":"http:\/\/desarrollo.grupomedios.com\/futbol\/wp-json\/wp\/v2\/posts\/473581\/revisions"}],"predecessor-version":[{"id":473587,"href":"http:\/\/desarrollo.grupomedios.com\/futbol\/wp-json\/wp\/v2\/posts\/473581\/revisions\/473587"}],"wp:featuredmedia":[{"embeddable":true,"href":"http:\/\/desarrollo.grupomedios.com\/futbol\/wp-json\/wp\/v2\/media\/473583"}],"wp:attachment":[{"href":"http:\/\/desarrollo.grupomedios.com\/futbol\/wp-json\/wp\/v2\/media?parent=473581"}],"wp:term":[{"taxonomy":"category","embeddable":true,"href":"http:\/\/desarrollo.grupomedios.com\/futbol\/wp-json\/wp\/v2\/categories?post=473581"},{"taxonomy":"post_tag","embeddable":true,"href":"http:\/\/desarrollo.grupomedios.com\/futbol\/wp-json\/wp\/v2\/tags?post=473581"}],"curies":[{"name":"wp","href":"https:\/\/api.w.org\/{rel}","templated":true}]}}