{"id":473595,"date":"2017-04-12T13:06:15","date_gmt":"2017-04-12T18:06:15","guid":{"rendered":"https:\/\/www.futboltotal.com.mx\/?p=473595"},"modified":"2017-04-12T13:06:15","modified_gmt":"2017-04-12T18:06:15","slug":"sevilla-condena-falta-respeto-acercamiento-la-afa-sampaoli","status":"publish","type":"post","link":"http:\/\/desarrollo.grupomedios.com\/futbol\/futbol-internacional\/sevilla-condena-falta-respeto-acercamiento-la-afa-sampaoli\/2017\/04","title":{"rendered":"Sevilla condena como &#8220;falta de respeto&#8221; acercamiento de la AFA con Sampaoli"},"content":{"rendered":"<p>El Sevilla considerar\u00eda &#8220;inaceptable y una falta de respeto cualquier reuni\u00f3n de la Asociaci\u00f3n del F\u00fatbol Argentino (AFA) con Jorge Sampaoli&#8221;, su entrenador, inform\u00f3 el club sevillista en su web.<\/p>\n<p>El Sevilla ha emitido hoy un comunicado oficial &#8220;ante las informaciones aparecidas en diferentes medios de comunicaci\u00f3n locales e internacionales en relaci\u00f3n al posible inter\u00e9s de la AFA de contratar como seleccionador nacional a Jorge Sampaoli, con contrato en vigor con el Sevilla FC hasta 30 de Junio de 2018&#8221;.<\/p>\n<blockquote class=\"twitter-tweet\" data-lang=\"es\">\n<p dir=\"ltr\" lang=\"pt\">&#x1f4e3; Comunicado oficial<\/p>\n<p>\u27a1\ufe0f <a href=\"https:\/\/t.co\/MjijpBW0qb\">https:\/\/t.co\/MjijpBW0qb<\/a> <a href=\"https:\/\/t.co\/4mPM2ZICQu\">pic.twitter.com\/4mPM2ZICQu<\/a><\/p>\n<p>\u2014 Sevilla F\u00fatbol Club (@SevillaFC) <a href=\"https:\/\/twitter.com\/SevillaFC\/status\/852116683242254341\">12 de abril de 2017<\/a><\/p><\/blockquote>\n<p><script async src=\"\/\/platform.twitter.com\/widgets.js\" charset=\"utf-8\"><\/script><\/p>\n<p>El club sevillista prosigue que, &#8220;ante las declaraciones en este mismo sentido que se le atribuyen al presidente de dicha Asociaci\u00f3n, Claudio Tapia, sobre su intenci\u00f3n de mantener una reuni\u00f3n en Espa\u00f1a con el entrenador sevillista en los pr\u00f3ximos d\u00edas&#8221;, el Sevilla ha formulado su protesta formal ante la AFA.<\/p>\n<p>&#8220;En el caso de ser ciertas dichas informaciones, el Sevilla considerar\u00eda una falta de respeto, al tiempo que inaceptable, cualquier reuni\u00f3n o contacto destinado a que el entrenador proceda a la ruptura contractual con este club y que, por tanto, no dudar\u00e1 en hacer valer sus derechos&#8221;, asevera la entidad sevillista. EFE<\/p>\n","protected":false},"excerpt":{"rendered":"<p>El Sevilla calific\u00f3 de &#8220;inaceptable&#8221; las acciones de la AFA.<\/p>\n","protected":false},"author":144,"featured_media":462722,"comment_status":"closed","ping_status":"closed","sticky":false,"template":"","format":"standard","meta":[],"categories":[3839],"tags":[5996,5856,49],"_links":{"self":[{"href":"http:\/\/desarrollo.grupomedios.com\/futbol\/wp-json\/wp\/v2\/posts\/473595"}],"collection":[{"href":"http:\/\/desarrollo.grupomedios.com\/futbol\/wp-json\/wp\/v2\/posts"}],"about":[{"href":"http:\/\/desarrollo.grupomedios.com\/futbol\/wp-json\/wp\/v2\/types\/post"}],"author":[{"embeddable":true,"href":"http:\/\/desarrollo.grupomedios.com\/futbol\/wp-json\/wp\/v2\/users\/144"}],"replies":[{"embeddable":true,"href":"http:\/\/desarrollo.grupomedios.com\/futbol\/wp-json\/wp\/v2\/comments?post=473595"}],"version-history":[{"count":1,"href":"http:\/\/desarrollo.grupomedios.com\/futbol\/wp-json\/wp\/v2\/posts\/473595\/revisions"}],"predecessor-version":[{"id":473597,"href":"http:\/\/desarrollo.grupomedios.com\/futbol\/wp-json\/wp\/v2\/posts\/473595\/revisions\/473597"}],"wp:featuredmedia":[{"embeddable":true,"href":"http:\/\/desarrollo.grupomedios.com\/futbol\/wp-json\/wp\/v2\/media\/462722"}],"wp:attachment":[{"href":"http:\/\/desarrollo.grupomedios.com\/futbol\/wp-json\/wp\/v2\/media?parent=473595"}],"wp:term":[{"taxonomy":"category","embeddable":true,"href":"http:\/\/desarrollo.grupomedios.com\/futbol\/wp-json\/wp\/v2\/categories?post=473595"},{"taxonomy":"post_tag","embeddable":true,"href":"http:\/\/desarrollo.grupomedios.com\/futbol\/wp-json\/wp\/v2\/tags?post=473595"}],"curies":[{"name":"wp","href":"https:\/\/api.w.org\/{rel}","templated":true}]}}