{"id":473636,"date":"2017-04-12T15:43:39","date_gmt":"2017-04-12T20:43:39","guid":{"rendered":"https:\/\/www.futboltotal.com.mx\/?p=473636"},"modified":"2017-04-12T15:43:39","modified_gmt":"2017-04-12T20:43:39","slug":"paco-jemez-se-divierte-en-evento-lucha-libre","status":"publish","type":"post","link":"http:\/\/desarrollo.grupomedios.com\/futbol\/no-todo-es-futbol\/paco-jemez-se-divierte-en-evento-lucha-libre\/2017\/04","title":{"rendered":"Paco J\u00e9mez se divierte en evento de lucha libre"},"content":{"rendered":"<p>El director t\u00e9cnico del Cruz Azul, <strong>Paco J\u00e9mez<\/strong>, quiso olvidarse por un momento del momento que atraviesa la <em>M\u00e1quina<\/em> en la Liga MX, para asistir a la Arena M\u00e9xico y ver un evento de la lucha libre nacional.<\/p>\n<p><strong>Paco J\u00e9mez<\/strong> fue captado en la Arena M\u00e9xico, donde regal\u00f3 varias sonrisas a la cadena de televisi\u00f3n encargada del evento, situaci\u00f3n que hizo ver la otra cara del estratega, quien \u00faltimamente ha encarado a la prensa mexicana, por los resultados que ha tenido con Cruz Azul.<\/p>\n<p style=\"text-align: center;\"><span style=\"color: #3366ff;\"><a style=\"color: #3366ff;\" href=\"https:\/\/www.futboltotal.com.mx\/2017\/04\/cesc-fabregas-enfrentaria-demanda-balonazo-a-bebe\/\" target=\"_blank\"><strong>LEER M\u00c1S: F\u00e1bregas ser\u00eda demandado por balonazo a beb\u00e9<\/strong><\/a><\/span><\/p>\n<p><a href=\"https:\/\/www.futboltotal.com.mx\/wp-content\/uploads\/2017\/04\/paco-jemez-lucha-libre.jpg\"><img decoding=\"async\" loading=\"lazy\" class=\"alignnone size-full wp-image-473640\" src=\"https:\/\/www.futboltotal.com.mx\/wp-content\/uploads\/2017\/04\/paco-jemez-lucha-libre.jpg\" alt=\"Paco J\u00e9mez se divierte en evento de lucha libre 0\" srcset=\"http:\/\/desarrollo.grupomedios.com\/futbol\/wp-content\/uploads\/2017\/04\/paco-jemez-lucha-libre.jpg 1136w, http:\/\/desarrollo.grupomedios.com\/futbol\/wp-content\/uploads\/2017\/04\/paco-jemez-lucha-libre-300x169.jpg 300w, http:\/\/desarrollo.grupomedios.com\/futbol\/wp-content\/uploads\/2017\/04\/paco-jemez-lucha-libre-768x432.jpg 768w, http:\/\/desarrollo.grupomedios.com\/futbol\/wp-content\/uploads\/2017\/04\/paco-jemez-lucha-libre-1024x576.jpg 1024w, http:\/\/desarrollo.grupomedios.com\/futbol\/wp-content\/uploads\/2017\/04\/paco-jemez-lucha-libre-317x178.jpg 317w, http:\/\/desarrollo.grupomedios.com\/futbol\/wp-content\/uploads\/2017\/04\/paco-jemez-lucha-libre-535x301.jpg 535w, http:\/\/desarrollo.grupomedios.com\/futbol\/wp-content\/uploads\/2017\/04\/paco-jemez-lucha-libre-374x210.jpg 374w\" sizes=\"(max-width: 1136px) 100vw, 1136px\" \/><\/a><\/p>\n<p><strong>S\u00edguenos en Twitter<\/strong>: <a href=\"https:\/\/twitter.com\/MXFutbolTotal\" target=\"_blank\">@MXFutbolTotal<\/a><\/p>\n","protected":false},"excerpt":{"rendered":"<p>El estratega espa\u00f1ol se da tiempo para acudir al coliseo capitalino.<\/p>\n","protected":false},"author":20,"featured_media":473642,"comment_status":"closed","ping_status":"closed","sticky":false,"template":"","format":"standard","meta":[],"categories":[5419,5418,6411],"tags":[5460,5461],"_links":{"self":[{"href":"http:\/\/desarrollo.grupomedios.com\/futbol\/wp-json\/wp\/v2\/posts\/473636"}],"collection":[{"href":"http:\/\/desarrollo.grupomedios.com\/futbol\/wp-json\/wp\/v2\/posts"}],"about":[{"href":"http:\/\/desarrollo.grupomedios.com\/futbol\/wp-json\/wp\/v2\/types\/post"}],"author":[{"embeddable":true,"href":"http:\/\/desarrollo.grupomedios.com\/futbol\/wp-json\/wp\/v2\/users\/20"}],"replies":[{"embeddable":true,"href":"http:\/\/desarrollo.grupomedios.com\/futbol\/wp-json\/wp\/v2\/comments?post=473636"}],"version-history":[{"count":1,"href":"http:\/\/desarrollo.grupomedios.com\/futbol\/wp-json\/wp\/v2\/posts\/473636\/revisions"}],"predecessor-version":[{"id":473643,"href":"http:\/\/desarrollo.grupomedios.com\/futbol\/wp-json\/wp\/v2\/posts\/473636\/revisions\/473643"}],"wp:featuredmedia":[{"embeddable":true,"href":"http:\/\/desarrollo.grupomedios.com\/futbol\/wp-json\/wp\/v2\/media\/473642"}],"wp:attachment":[{"href":"http:\/\/desarrollo.grupomedios.com\/futbol\/wp-json\/wp\/v2\/media?parent=473636"}],"wp:term":[{"taxonomy":"category","embeddable":true,"href":"http:\/\/desarrollo.grupomedios.com\/futbol\/wp-json\/wp\/v2\/categories?post=473636"},{"taxonomy":"post_tag","embeddable":true,"href":"http:\/\/desarrollo.grupomedios.com\/futbol\/wp-json\/wp\/v2\/tags?post=473636"}],"curies":[{"name":"wp","href":"https:\/\/api.w.org\/{rel}","templated":true}]}}