{"id":473681,"date":"2017-04-15T17:00:00","date_gmt":"2017-04-15T22:00:00","guid":{"rendered":"https:\/\/www.futboltotal.com.mx\/?p=473681"},"modified":"2017-04-15T21:34:58","modified_gmt":"2017-04-16T02:34:58","slug":"el-azteca-se-rindio-a-ronaldinho","status":"publish","type":"post","link":"http:\/\/desarrollo.grupomedios.com\/futbol\/futbol-mexicano\/el-azteca-se-rindio-a-ronaldinho\/2017\/04","title":{"rendered":"El d\u00eda que el Azteca se rindi\u00f3 a Ronaldinho"},"content":{"rendered":"<p>A finales del 2014, el Quer\u00e9taro anunci\u00f3 la contrataci\u00f3n del astro brasile\u00f1o Ronaldinho. En cuanto se supo de la llegada a la Liga MX del brasile\u00f1o, la gente agend\u00f3 la fecha en que su equipo recibir\u00eda a los Gallos junto con el ex jugador del Barcelona.<\/p>\n<p>Una de las fechas que marc\u00f3 al brasile\u00f1o, dicho por sus mismas palabras, fue la vez que visit\u00f3 el estadio Azteca. Es por ello que aqu\u00ed en <strong>Futbol Total<\/strong> recordamos aquella tarde que el Coloso de Santa \u00darsula se rindi\u00f3 ante <strong>Ronaldinho<\/strong>.<\/p>\n<p style=\"text-align: center;\"><span style=\"color: #3366ff;\"><a style=\"color: #3366ff;\" href=\"https:\/\/www.futboltotal.com.mx\/2017\/04\/porteros-goleadores-en-la-historia-del-futbol\/\">LEER M\u00c1S: Feliz d\u00eda del portero: Guardianes o villanos del gol<\/a><\/span><\/p>\n<p>[video_player]https:\/\/player.vimeo.com\/external\/212988255.hd.mp4?s=514debc5b9051b0293dd929fd8a99b93a5a6da11&amp;profile_id=174|wide [\/video_player]<\/p>\n<p>A finales del 2014, el Quer\u00e9taro anunci\u00f3 la contrataci\u00f3n del astro brasile\u00f1o Ronaldinho. En cuanto se supo de la llegada a la Liga MX del brasile\u00f1o, la gente agend\u00f3 la fecha en que su equipo recibir\u00eda a los Gallos junto con el ex jugador del Barcelona.<\/p>\n<p>Una de las fechas que marc\u00f3 al brasile\u00f1o, dicho por sus mismas palabras, fue la vez que visit\u00f3 el estadio Azteca. Es por ello que aqu\u00ed en Futbol Total recordamos aquella tarde que el Coloso de Santa \u00darsula se rindi\u00f3 ante Ronaldinho.<\/p>\n<p>A finales del 2014, el Quer\u00e9taro anunci\u00f3 la contrataci\u00f3n del astro brasile\u00f1o Ronaldinho. En cuanto se supo de la llegada a la Liga MX del brasile\u00f1o, la gente agend\u00f3 la fecha en que su equipo recibir\u00eda a los Gallos junto con el ex jugador del Barcelona.<\/p>\n<p>Una de las fechas que marc\u00f3 al brasile\u00f1o, dicho por sus mismas palabras, fue la vez que visit\u00f3 el estadio Azteca. Es por ello que aqu\u00ed en Futbol Total recordamos aquella tarde que el Coloso de Santa \u00darsula se rindi\u00f3 ante Ronaldinho.<\/p>\n","protected":false},"excerpt":{"rendered":"<p>Ronaldinho brill\u00f3 e hizo festejar a los aficionados de Gallos y el Am\u00e9rica.<\/p>\n","protected":false},"author":129,"featured_media":474044,"comment_status":"closed","ping_status":"closed","sticky":false,"template":"","format":"standard","meta":[],"categories":[7570,2198,3845],"tags":[64,5970,5997],"_links":{"self":[{"href":"http:\/\/desarrollo.grupomedios.com\/futbol\/wp-json\/wp\/v2\/posts\/473681"}],"collection":[{"href":"http:\/\/desarrollo.grupomedios.com\/futbol\/wp-json\/wp\/v2\/posts"}],"about":[{"href":"http:\/\/desarrollo.grupomedios.com\/futbol\/wp-json\/wp\/v2\/types\/post"}],"author":[{"embeddable":true,"href":"http:\/\/desarrollo.grupomedios.com\/futbol\/wp-json\/wp\/v2\/users\/129"}],"replies":[{"embeddable":true,"href":"http:\/\/desarrollo.grupomedios.com\/futbol\/wp-json\/wp\/v2\/comments?post=473681"}],"version-history":[{"count":2,"href":"http:\/\/desarrollo.grupomedios.com\/futbol\/wp-json\/wp\/v2\/posts\/473681\/revisions"}],"predecessor-version":[{"id":474045,"href":"http:\/\/desarrollo.grupomedios.com\/futbol\/wp-json\/wp\/v2\/posts\/473681\/revisions\/474045"}],"wp:featuredmedia":[{"embeddable":true,"href":"http:\/\/desarrollo.grupomedios.com\/futbol\/wp-json\/wp\/v2\/media\/474044"}],"wp:attachment":[{"href":"http:\/\/desarrollo.grupomedios.com\/futbol\/wp-json\/wp\/v2\/media?parent=473681"}],"wp:term":[{"taxonomy":"category","embeddable":true,"href":"http:\/\/desarrollo.grupomedios.com\/futbol\/wp-json\/wp\/v2\/categories?post=473681"},{"taxonomy":"post_tag","embeddable":true,"href":"http:\/\/desarrollo.grupomedios.com\/futbol\/wp-json\/wp\/v2\/tags?post=473681"}],"curies":[{"name":"wp","href":"https:\/\/api.w.org\/{rel}","templated":true}]}}