{"id":473702,"date":"2017-04-12T18:16:57","date_gmt":"2017-04-12T23:16:57","guid":{"rendered":"https:\/\/www.futboltotal.com.mx\/?p=473702"},"modified":"2017-04-12T18:18:02","modified_gmt":"2017-04-12T23:18:02","slug":"los-me-siguen-dudan-mi-cristiano","status":"publish","type":"post","link":"http:\/\/desarrollo.grupomedios.com\/futbol\/futbol-internacional\/los-me-siguen-dudan-mi-cristiano\/2017\/04","title":{"rendered":"Los que me siguen no dudan de m\u00ed: Cristiano"},"content":{"rendered":"<p><strong>Cristiano Ronaldo<\/strong>, delantero del Real Madrid, afirm\u00f3, despu\u00e9s de marcar dos goles al Bayern M\u00fanich, que no entiende que haya dudas sobre su figura y que &#8220;no las tienen&#8221; todos aquellos que le siguen.<\/p>\n<p>&#8220;No s\u00e9 qui\u00e9n duda de m\u00ed. Es un margen peque\u00f1o. La gente que me sigue, mis seguidores y los que creen en <strong>Cristiano<\/strong>, no tienen dudas. El trabajo est\u00e1 siendo bueno, me prepar\u00e9 para estar bien el \u00faltimo mes y medio y las cosas salen bien&#8221;, afirm\u00f3 en declaraciones a <em>Bein Sports<\/em>.<\/p>\n<p>Adem\u00e1s, declar\u00f3 estar muy &#8220;contento&#8221; porque el Real Madrid &#8220;reaccion\u00f3 muy bien&#8221; despu\u00e9s de recibir el primer gol obra de Arturo Vidal: &#8220;No es f\u00e1cil jugar aqu\u00ed contra el Bayern. Perd\u00edamos 1-0 en el primer tiempo, est\u00e1bamos con malas sensaciones y remontamos. Jugamos muy bien, marcamos temprano y victoria merecida, el equipo ha jugado muy bien y sigue abierto para la vuelta&#8221;, se\u00f1al\u00f3.<\/p>\n<p style=\"text-align: center;\"><span style=\"color: #3366ff;\"><a style=\"color: #3366ff;\" href=\"https:\/\/www.futboltotal.com.mx\/2017\/04\/cristiano-ronaldo-impone-record-goles-en-europa\/\">LEER M\u00c1S: \u00a1Cristiano Ronaldo impone r\u00e9cord de goles en Europa!<\/a><\/span><\/p>\n<p>Tambi\u00e9n alab\u00f3 la actuaci\u00f3n del portero del Bayern M\u00fanich Manuel Neuer, de quien dijo que estuvo &#8220;muy bien&#8221; y que tuvo &#8220;su d\u00eda&#8221; para evitar m\u00e1s tantos del conjunto madridista. &#8220;Si no llega a tener un d\u00eda as\u00ed, podr\u00edamos haber marcado m\u00e1s goles&#8221;, coment\u00f3<\/p>\n<p>Por \u00faltimo, reconoci\u00f3 que el partido podr\u00eda haber sido diferente si Arturo Vidal hubiese marcado el penalti que fall\u00f3 en la primera parte: &#8220;el f\u00fatbol es as\u00ed, si hace el penalti del primer tiempo, a lo mejor el partido se queda m\u00e1s f\u00e1cil para ellos. El f\u00fatbol es una caja de sorpresas. Marcamos, el Bayern jug\u00f3 con uno menos y fue m\u00e1s f\u00e1cil&#8221;, concluy\u00f3. EFE<\/p>\n","protected":false},"excerpt":{"rendered":"<p>El portugu\u00e9s cuestion\u00f3 a los que lo critican.<\/p>\n","protected":false},"author":144,"featured_media":465377,"comment_status":"closed","ping_status":"closed","sticky":false,"template":"","format":"standard","meta":[],"categories":[3839],"tags":[6013,5988],"_links":{"self":[{"href":"http:\/\/desarrollo.grupomedios.com\/futbol\/wp-json\/wp\/v2\/posts\/473702"}],"collection":[{"href":"http:\/\/desarrollo.grupomedios.com\/futbol\/wp-json\/wp\/v2\/posts"}],"about":[{"href":"http:\/\/desarrollo.grupomedios.com\/futbol\/wp-json\/wp\/v2\/types\/post"}],"author":[{"embeddable":true,"href":"http:\/\/desarrollo.grupomedios.com\/futbol\/wp-json\/wp\/v2\/users\/144"}],"replies":[{"embeddable":true,"href":"http:\/\/desarrollo.grupomedios.com\/futbol\/wp-json\/wp\/v2\/comments?post=473702"}],"version-history":[{"count":2,"href":"http:\/\/desarrollo.grupomedios.com\/futbol\/wp-json\/wp\/v2\/posts\/473702\/revisions"}],"predecessor-version":[{"id":473705,"href":"http:\/\/desarrollo.grupomedios.com\/futbol\/wp-json\/wp\/v2\/posts\/473702\/revisions\/473705"}],"wp:featuredmedia":[{"embeddable":true,"href":"http:\/\/desarrollo.grupomedios.com\/futbol\/wp-json\/wp\/v2\/media\/465377"}],"wp:attachment":[{"href":"http:\/\/desarrollo.grupomedios.com\/futbol\/wp-json\/wp\/v2\/media?parent=473702"}],"wp:term":[{"taxonomy":"category","embeddable":true,"href":"http:\/\/desarrollo.grupomedios.com\/futbol\/wp-json\/wp\/v2\/categories?post=473702"},{"taxonomy":"post_tag","embeddable":true,"href":"http:\/\/desarrollo.grupomedios.com\/futbol\/wp-json\/wp\/v2\/tags?post=473702"}],"curies":[{"name":"wp","href":"https:\/\/api.w.org\/{rel}","templated":true}]}}